{"id":1414,"date":"2017-03-23T17:40:01","date_gmt":"2017-03-23T17:40:01","guid":{"rendered":"http:\/\/abucaman.org\/?p=1414"},"modified":"2018-11-25T22:02:54","modified_gmt":"2018-11-25T22:02:54","slug":"entrevista-a-abucaman-rtvc-lam","status":"publish","type":"post","link":"https:\/\/abucaman.org\/?p=1414","title":{"rendered":"Entrevista a Abucaman RTVC-LaM"},"content":{"rendered":"<p>ManchaT, el programa de Responsabilidad Social Corporativa de Radiotelevisi\u00f3n de Castilla-La Mancha, presta su apoyo a la Asociaci\u00f3n de Familiares y Enfermos de los Trastornos de la Conducta Alimentaria de Castilla-La Mancha, ABUCAMAN, durante el mes de Enero. Nos acompa\u00f1a Concepci\u00f3n Garc\u00eda, Presidenta de ABUCAMAN. Emitido en Castilla-La Mancha Televisi\u00f3n el 27.01.2016. Castilla-La Mancha en el Coraz\u00f3n.<\/p>\n<p>Aqui os presentamos la entrevista a nuestra presidenta Concepci\u00f3n Garcia el paso dia 28 de Enero de 2016\u00a0 .<\/p>\n<p>Pincha en el enlace <a href=\"https:\/\/www.youtube.com\/watch?v=9KRd4RO34qU\">AQUI<\/a><\/p>\n<p>&nbsp;<\/p>\n<p>&nbsp;<\/p>\n<div id=\"dc_vk_code\" style=\"display: none;\"><\/div>\n","protected":false},"excerpt":{"rendered":"<p>ManchaT, el programa de Responsabilidad Social Corporativa de Radiotelevisi\u00f3n de Castilla-La Mancha, presta su apoyo a la Asociaci\u00f3n de Familiares<\/p>\n","protected":false},"author":1,"featured_media":1458,"comment_status":"closed","ping_status":"closed","sticky":false,"template":"","format":"standard","meta":{"footnotes":""},"categories":[16,17],"tags":[],"class_list":["post-1414","post","type-post","status-publish","format-standard","has-post-thumbnail","hentry","category-entrevistas","category-eventos","wpautop"],"yoast_head":"<!-- This site is optimized with the Yoast SEO plugin v21.5 - https:\/\/yoast.com\/wordpress\/plugins\/seo\/ -->\n<title>Entrevista a Abucaman RTVC-LaM - Siempre cerca de ti...<\/title>\n<meta name=\"robots\" content=\"index, follow, max-snippet:-1, max-image-preview:large, max-video-preview:-1\" \/>\n<link rel=\"canonical\" href=\"https:\/\/abucaman.org\/?p=1414\" \/>\n<meta property=\"og:locale\" content=\"es_ES\" \/>\n<meta property=\"og:type\" content=\"article\" \/>\n<meta property=\"og:title\" content=\"Entrevista a Abucaman RTVC-LaM - Siempre cerca de ti...\" \/>\n<meta property=\"og:description\" content=\"ManchaT, el programa de Responsabilidad Social Corporativa de Radiotelevisi\u00f3n de Castilla-La Mancha, presta su apoyo a la Asociaci\u00f3n de Familiares\" \/>\n<meta property=\"og:url\" content=\"https:\/\/abucaman.org\/?p=1414\" \/>\n<meta property=\"og:site_name\" content=\"Siempre cerca de ti...\" \/>\n<meta property=\"article:published_time\" content=\"2017-03-23T17:40:01+00:00\" \/>\n<meta property=\"article:modified_time\" content=\"2018-11-25T22:02:54+00:00\" \/>\n<meta property=\"og:image\" content=\"https:\/\/abucaman.org\/wp-content\/uploads\/2017\/03\/Concepci\u00f3n-Garc\u00eda.jpg\" \/>\n\t<meta property=\"og:image:width\" content=\"674\" \/>\n\t<meta property=\"og:image:height\" content=\"373\" \/>\n\t<meta property=\"og:image:type\" content=\"image\/jpeg\" \/>\n<meta name=\"author\" content=\"abucaman\" \/>\n<meta name=\"twitter:card\" content=\"summary_large_image\" \/>\n<meta name=\"twitter:label1\" content=\"Escrito por\" \/>\n\t<meta name=\"twitter:data1\" content=\"abucaman\" \/>\n<script type=\"application\/ld+json\" class=\"yoast-schema-graph\">{\"@context\":\"https:\/\/schema.org\",\"@graph\":[{\"@type\":\"Article\",\"@id\":\"https:\/\/abucaman.org\/?p=1414#article\",\"isPartOf\":{\"@id\":\"https:\/\/abucaman.org\/?p=1414\"},\"author\":{\"name\":\"abucaman\",\"@id\":\"https:\/\/abucaman.org\/#\/schema\/person\/6dde1a65ce4063516a87731e92c00bda\"},\"headline\":\"Entrevista a Abucaman RTVC-LaM\",\"datePublished\":\"2017-03-23T17:40:01+00:00\",\"dateModified\":\"2018-11-25T22:02:54+00:00\",\"mainEntityOfPage\":{\"@id\":\"https:\/\/abucaman.org\/?p=1414\"},\"wordCount\":91,\"publisher\":{\"@id\":\"https:\/\/abucaman.org\/#organization\"},\"articleSection\":[\"Entrevistas\",\"Eventos\"],\"inLanguage\":\"es\"},{\"@type\":\"WebPage\",\"@id\":\"https:\/\/abucaman.org\/?p=1414\",\"url\":\"https:\/\/abucaman.org\/?p=1414\",\"name\":\"Entrevista a Abucaman RTVC-LaM - Siempre cerca de ti...\",\"isPartOf\":{\"@id\":\"https:\/\/abucaman.org\/#website\"},\"datePublished\":\"2017-03-23T17:40:01+00:00\",\"dateModified\":\"2018-11-25T22:02:54+00:00\",\"breadcrumb\":{\"@id\":\"https:\/\/abucaman.org\/?p=1414#breadcrumb\"},\"inLanguage\":\"es\",\"potentialAction\":[{\"@type\":\"ReadAction\",\"target\":[\"https:\/\/abucaman.org\/?p=1414\"]}]},{\"@type\":\"BreadcrumbList\",\"@id\":\"https:\/\/abucaman.org\/?p=1414#breadcrumb\",\"itemListElement\":[{\"@type\":\"ListItem\",\"position\":1,\"name\":\"Portada\",\"item\":\"https:\/\/abucaman.org\/\"},{\"@type\":\"ListItem\",\"position\":2,\"name\":\"Entrevista a Abucaman RTVC-LaM\"}]},{\"@type\":\"WebSite\",\"@id\":\"https:\/\/abucaman.org\/#website\",\"url\":\"https:\/\/abucaman.org\/\",\"name\":\"Abucaman\",\"description\":\"\",\"publisher\":{\"@id\":\"https:\/\/abucaman.org\/#organization\"},\"potentialAction\":[{\"@type\":\"SearchAction\",\"target\":{\"@type\":\"EntryPoint\",\"urlTemplate\":\"https:\/\/abucaman.org\/?s={search_term_string}\"},\"query-input\":\"required name=search_term_string\"}],\"inLanguage\":\"es\"},{\"@type\":\"Organization\",\"@id\":\"https:\/\/abucaman.org\/#organization\",\"name\":\"abucaman\",\"url\":\"https:\/\/abucaman.org\/\",\"logo\":{\"@type\":\"ImageObject\",\"inLanguage\":\"es\",\"@id\":\"https:\/\/abucaman.org\/#\/schema\/logo\/image\/\",\"url\":\"https:\/\/abucaman.org\/wp-content\/uploads\/2014\/03\/Logo-abucaman-2-png.png\",\"contentUrl\":\"https:\/\/abucaman.org\/wp-content\/uploads\/2014\/03\/Logo-abucaman-2-png.png\",\"width\":560,\"height\":420,\"caption\":\"abucaman\"},\"image\":{\"@id\":\"https:\/\/abucaman.org\/#\/schema\/logo\/image\/\"}},{\"@type\":\"Person\",\"@id\":\"https:\/\/abucaman.org\/#\/schema\/person\/6dde1a65ce4063516a87731e92c00bda\",\"name\":\"abucaman\",\"description\":\"Asociaci\u00f3n de familiares y enfermos de los trastornos de la conducta alimentaria \\\"San Jos\u00e9\\\" de Castilla la Mancha.\"}]}<\/script>\n<!-- \/ Yoast SEO plugin. -->","yoast_head_json":{"title":"Entrevista a Abucaman RTVC-LaM - Siempre cerca de ti...","robots":{"index":"index","follow":"follow","max-snippet":"max-snippet:-1","max-image-preview":"max-image-preview:large","max-video-preview":"max-video-preview:-1"},"canonical":"https:\/\/abucaman.org\/?p=1414","og_locale":"es_ES","og_type":"article","og_title":"Entrevista a Abucaman RTVC-LaM - Siempre cerca de ti...","og_description":"ManchaT, el programa de Responsabilidad Social Corporativa de Radiotelevisi\u00f3n de Castilla-La Mancha, presta su apoyo a la Asociaci\u00f3n de Familiares","og_url":"https:\/\/abucaman.org\/?p=1414","og_site_name":"Siempre cerca de ti...","article_published_time":"2017-03-23T17:40:01+00:00","article_modified_time":"2018-11-25T22:02:54+00:00","og_image":[{"width":674,"height":373,"url":"https:\/\/abucaman.org\/wp-content\/uploads\/2017\/03\/Concepci\u00f3n-Garc\u00eda.jpg","type":"image\/jpeg"}],"author":"abucaman","twitter_card":"summary_large_image","twitter_misc":{"Escrito por":"abucaman"},"schema":{"@context":"https:\/\/schema.org","@graph":[{"@type":"Article","@id":"https:\/\/abucaman.org\/?p=1414#article","isPartOf":{"@id":"https:\/\/abucaman.org\/?p=1414"},"author":{"name":"abucaman","@id":"https:\/\/abucaman.org\/#\/schema\/person\/6dde1a65ce4063516a87731e92c00bda"},"headline":"Entrevista a Abucaman RTVC-LaM","datePublished":"2017-03-23T17:40:01+00:00","dateModified":"2018-11-25T22:02:54+00:00","mainEntityOfPage":{"@id":"https:\/\/abucaman.org\/?p=1414"},"wordCount":91,"publisher":{"@id":"https:\/\/abucaman.org\/#organization"},"articleSection":["Entrevistas","Eventos"],"inLanguage":"es"},{"@type":"WebPage","@id":"https:\/\/abucaman.org\/?p=1414","url":"https:\/\/abucaman.org\/?p=1414","name":"Entrevista a Abucaman RTVC-LaM - Siempre cerca de ti...","isPartOf":{"@id":"https:\/\/abucaman.org\/#website"},"datePublished":"2017-03-23T17:40:01+00:00","dateModified":"2018-11-25T22:02:54+00:00","breadcrumb":{"@id":"https:\/\/abucaman.org\/?p=1414#breadcrumb"},"inLanguage":"es","potentialAction":[{"@type":"ReadAction","target":["https:\/\/abucaman.org\/?p=1414"]}]},{"@type":"BreadcrumbList","@id":"https:\/\/abucaman.org\/?p=1414#breadcrumb","itemListElement":[{"@type":"ListItem","position":1,"name":"Portada","item":"https:\/\/abucaman.org\/"},{"@type":"ListItem","position":2,"name":"Entrevista a Abucaman RTVC-LaM"}]},{"@type":"WebSite","@id":"https:\/\/abucaman.org\/#website","url":"https:\/\/abucaman.org\/","name":"Abucaman","description":"","publisher":{"@id":"https:\/\/abucaman.org\/#organization"},"potentialAction":[{"@type":"SearchAction","target":{"@type":"EntryPoint","urlTemplate":"https:\/\/abucaman.org\/?s={search_term_string}"},"query-input":"required name=search_term_string"}],"inLanguage":"es"},{"@type":"Organization","@id":"https:\/\/abucaman.org\/#organization","name":"abucaman","url":"https:\/\/abucaman.org\/","logo":{"@type":"ImageObject","inLanguage":"es","@id":"https:\/\/abucaman.org\/#\/schema\/logo\/image\/","url":"https:\/\/abucaman.org\/wp-content\/uploads\/2014\/03\/Logo-abucaman-2-png.png","contentUrl":"https:\/\/abucaman.org\/wp-content\/uploads\/2014\/03\/Logo-abucaman-2-png.png","width":560,"height":420,"caption":"abucaman"},"image":{"@id":"https:\/\/abucaman.org\/#\/schema\/logo\/image\/"}},{"@type":"Person","@id":"https:\/\/abucaman.org\/#\/schema\/person\/6dde1a65ce4063516a87731e92c00bda","name":"abucaman","description":"Asociaci\u00f3n de familiares y enfermos de los trastornos de la conducta alimentaria \"San Jos\u00e9\" de Castilla la Mancha."}]}},"_links":{"self":[{"href":"https:\/\/abucaman.org\/index.php?rest_route=\/wp\/v2\/posts\/1414","targetHints":{"allow":["GET"]}}],"collection":[{"href":"https:\/\/abucaman.org\/index.php?rest_route=\/wp\/v2\/posts"}],"about":[{"href":"https:\/\/abucaman.org\/index.php?rest_route=\/wp\/v2\/types\/post"}],"author":[{"embeddable":true,"href":"https:\/\/abucaman.org\/index.php?rest_route=\/wp\/v2\/users\/1"}],"replies":[{"embeddable":true,"href":"https:\/\/abucaman.org\/index.php?rest_route=%2Fwp%2Fv2%2Fcomments&post=1414"}],"version-history":[{"count":1,"href":"https:\/\/abucaman.org\/index.php?rest_route=\/wp\/v2\/posts\/1414\/revisions"}],"predecessor-version":[{"id":1459,"href":"https:\/\/abucaman.org\/index.php?rest_route=\/wp\/v2\/posts\/1414\/revisions\/1459"}],"wp:featuredmedia":[{"embeddable":true,"href":"https:\/\/abucaman.org\/index.php?rest_route=\/wp\/v2\/media\/1458"}],"wp:attachment":[{"href":"https:\/\/abucaman.org\/index.php?rest_route=%2Fwp%2Fv2%2Fmedia&parent=1414"}],"wp:term":[{"taxonomy":"category","embeddable":true,"href":"https:\/\/abucaman.org\/index.php?rest_route=%2Fwp%2Fv2%2Fcategories&post=1414"},{"taxonomy":"post_tag","embeddable":true,"href":"https:\/\/abucaman.org\/index.php?rest_route=%2Fwp%2Fv2%2Ftags&post=1414"}],"curies":[{"name":"wp","href":"https:\/\/api.w.org\/{rel}","templated":true}]}}