{"id":1384,"date":"2014-09-10T21:45:46","date_gmt":"2014-09-10T21:45:46","guid":{"rendered":"http:\/\/abucaman.org\/?p=1384"},"modified":"2018-11-25T22:17:16","modified_gmt":"2018-11-25T22:17:16","slug":"tras-los-pasos-de-ana-y-mia","status":"publish","type":"post","link":"https:\/\/abucaman.org\/?p=1384","title":{"rendered":"Tras los pasos de Ana y M\u00eda"},"content":{"rendered":"<h2>Las webs que fomentan la anorexia son legales en Espa\u00f1a<\/h2>\n<p>Se denominan webs &#8216;<strong>Pro-Ana&#8217; y &#8216;Pro-M\u00eda<\/strong>&#8216; y ofrecen consejos, dietas o ejercicios &#8211; algunos muy extremos &#8211; con los que perder peso r\u00e1pidamente. En Francia estas p\u00e1ginas son ilegales y en Italia acaban de presentar un proyecto de ley para prohibirlas. En Espa\u00f1a, varias asociaciones piden al Gobierno que las penalice.<\/p>\n<p style=\"text-align: center;\">\u00a0<img loading=\"lazy\" decoding=\"async\" class=\"wp-image-1385 aligncenter\" src=\"http:\/\/abucaman.org\/wp-content\/uploads\/2014\/09\/ana1-300x170.jpg\" alt=\"ana1\" width=\"370\" height=\"209\" srcset=\"https:\/\/abucaman.org\/wp-content\/uploads\/2014\/09\/ana1-300x170.jpg 300w, https:\/\/abucaman.org\/wp-content\/uploads\/2014\/09\/ana1.jpg 434w\" sizes=\"auto, (max-width: 370px) 100vw, 370px\" \/><\/p>\n<p>Nadia tiene 14 a\u00f1os. Quienes la conocen aseguran que era una chica abierta y sociable hasta que el pasado enero comenz\u00f3 a mostrarse continuamente enfadada e irascible.\u00a0<strong>En s\u00f3lo dos meses hab\u00eda perdido 14 kilos<\/strong>. \u00abSu car\u00e1cter cambi\u00f3 notablemente, cada vez quer\u00eda menos cantidad de comida&#8230; Empec\u00e9 a preguntar a sus amigas y me confirmaron que daba su desayuno en el instituto a otra ni\u00f1a, o bien lo tiraba, hasta que lleg\u00f3 un d\u00eda en el que encontr\u00e9 un v\u00f3mito en el ba\u00f1o\u00bb, relata Lidia Amella, su madre. \u00abEn una ocasi\u00f3n en la que estaba prob\u00e1ndose ropa para una funci\u00f3n del instituto, lloraba sentada en el suelo y frente al espejo exclamando que no le gustaba lo que ve\u00eda\u00bb. Fue en ese momento cuando\u00a0<strong>esta madre decidi\u00f3 tomar cartas en el asunto<\/strong>. Llev\u00f3 a su hija a un centro m\u00e9dico donde comenz\u00f3 un tratamiento. Pronto fue ingresada. Tras 50 d\u00edas en una unidad de trastornos alimenticios, Nadia ha recibido el alta hospitalaria, aunque sigue acudiendo al psicol\u00f3gico cada semana y est\u00e1 esperando a que haya plazas en un hospital de d\u00eda. \u00abAntes de ingresar yo hablaba con ella y quer\u00eda comprender por qu\u00e9 hab\u00eda llegado ah\u00ed, y tras varias preguntas me dijo que\u00a0<strong>hab\u00eda buscado en internet &#8216;c\u00f3mo vomitar f\u00e1cilmente&#8217;<\/strong>. Cuando entr\u00e9 y le\u00ed las cuatro primeras l\u00edneas me asust\u00e9 como nunca, me escandalic\u00e9, llor\u00e9. Toda yo temblaba de horror s\u00f3lo pensando en hasta d\u00f3nde hab\u00eda le\u00eddo mi hija\u00bb.<\/p>\n<p>Las p\u00e1ginas en las que Nadia encontraba &#8216;trucos&#8217; para perder kilos son las llamadas &#8216;Pro-Ana&#8217; (proanorexia) y &#8216;Pro-M\u00eda&#8217; (probulimia). De hecho,<b>\u00a0<\/b><strong>la Red est\u00e1 plagada de este tipo de publicaciones<\/strong>. Indignada, Amella decidi\u00f3 abrir una\u00a0<a href=\"https:\/\/www.change.org\/p\/proh%C3%ADban-las-p%C3%A1ginas-pro-anorexia-y-pro-bulimia-en-internet\" target=\"_blank\" rel=\"noopener\">petici\u00f3n en Change.org (que cuenta ya con cerca de 4.000 firmas)<\/a>\u00a0pidiendo al ministerio de Justicia y Sanidad que las regule. La demanda de esta madre no es nueva, varios organismos llevan tiempo pidiendo al Gobierno que tome medidas.<\/p>\n<p>\u00abNosotros llevamos a\u00f1os trabajando en el tema y pidiendo una regulaci\u00f3n\u00bb, asegura Guillermo C\u00e1novas, presidente de la\u00a0<a href=\"http:\/\/www.protegeles.com\/\" target=\"_blank\" rel=\"noopener\">asociaci\u00f3n Prot\u00e9geles<\/a>. \u00ab<b>\u00a0<\/b><strong>Con la ley en la mano no podemos cerrar estas p\u00e1ginas<\/strong>, pero hemos conseguido, gracias a la colaboraci\u00f3n de los servidores donde est\u00e1n alojadas, que unas 500 hayan sido eliminadas,<\/p>\n<p>&nbsp;<\/p>\n<p style=\"text-align: center;\"><a href=\"http:\/\/abucaman.org\/wp-content\/uploads\/2014\/09\/ana2.jpg\"><img loading=\"lazy\" decoding=\"async\" class=\"wp-image-1386 aligncenter\" src=\"http:\/\/abucaman.org\/wp-content\/uploads\/2014\/09\/ana2-300x172.jpg\" alt=\"ana2\" width=\"655\" height=\"373\" \/><\/a><\/p>\n<p>\u00a0<strong>DIETAS, CONSEJOS, AUTOAGRESIONES&#8230;<\/strong><\/p>\n<p>\u00abPorque la comida es como el arte, existe s\u00f3lo para mirarla\u00bb. \u00abSi algo se te antoja y no te puedes resistir, mast\u00edcalo y luego esc\u00fapelo\u00bb. \u00abCome hielo si sientes mucha hambre\u00bb. \u00abSi quieres comer, coge fotos de gente que admiras por estar delgada y m\u00edrate en el espejo, comp\u00e1rate, busca siete errores en tu cuerpo\u00bb.<\/p>\n<p>Afirmaciones de este calibre se pueden encontrar en estas webs, donde las blogueras ofrecen asesoramiento para adelgazar y llegar a ser &#8216;princesas&#8217; (as\u00ed se denominan entre ellas cuando consiguen su objetivo de perder kilos). Las p\u00e1ginas cuentan adem\u00e1s con un sinf\u00edn de s\u00edmbolos, esl\u00f3ganes e iconograf\u00edas surgidos alrededor de este mundillo. As\u00ed, es com\u00fan encontrar en ellas lazos blancos virtuales o mensajes que animan a llevar\u00a0<strong>pulseras rojas (Pro-Ana) y moradas o negras (Pro-M\u00eda) para reconocerse unas a otras en cualquier lugar<\/strong>. Todas ellas son ilustradas adem\u00e1s con fotos &#8216;thinspiration&#8217; (del ingl\u00e9s, inspiraci\u00f3n de delgadez), que promueven un ideal de belleza de aspecto fr\u00e1gil, con mujeres escualidas, vestidos vaporosos, mariposas, coronas de flores&#8230;<\/p>\n<p>\u00abSe da una jerarqu\u00eda muy fuerte en estas p\u00e1ginas. En lo m\u00e1s alto est\u00e1n las &#8216;Anas&#8217; [anor\u00e9xicas] restrictivas y en lo m\u00e1s bajo las &#8216;M\u00edas&#8217;, las bul\u00edmicas. Las que est\u00e1n arriba denominan a las de abajo con t\u00e9rminos despectivos como &#8216;cerdas&#8217;, y \u00e9stas aceptan ese trato porque<b>\u00a0<\/b><strong>su objetivo es conseguir que una &#8216;Ana&#8217; restrictiva las ayude a dejar de comer<\/strong><b>\u00a0<\/b>porque la que no come es la reina\u00bb, se\u00f1ala C\u00e1novas. \u00abEllas consideran que lo que hacen es un estilo de vida que consigue llevarlas hacia la perfecci\u00f3n. Las relaciones que establecen son adem\u00e1s extremadamente falsas, diciendo que se quieren mucho, pero raramente se ayudan entre ellas\u00bb.<\/p>\n<p style=\"text-align: center;\"><a href=\"http:\/\/abucaman.org\/wp-content\/uploads\/2014\/09\/ana3.jpg\"><img loading=\"lazy\" decoding=\"async\" class=\"wp-image-1387 aligncenter\" src=\"http:\/\/abucaman.org\/wp-content\/uploads\/2014\/09\/ana3-300x151.jpg\" alt=\"ana3\" width=\"520\" height=\"262\" srcset=\"https:\/\/abucaman.org\/wp-content\/uploads\/2014\/09\/ana3-300x151.jpg 300w, https:\/\/abucaman.org\/wp-content\/uploads\/2014\/09\/ana3.jpg 547w\" sizes=\"auto, (max-width: 520px) 100vw, 520px\" \/><\/a><\/p>\n<p>Laura Kohlgr\u00fcber (el nombre es un seud\u00f3nimo) es la responsable de uno de estos blogs. Tiene 26 a\u00f1os y lleva desde 2008 recopilando en su web dietas que prometen, por ejemplo, adelgazar cuatro kilos en tres d\u00edas. Ella misma act\u00faa como &#8216;conejillo de indias&#8217;, probando los &#8216;consejos&#8217; que ofrece, y\u00a0<strong>asegura haber pasado de los 80 a los 50 kilos en el tiempo que lleva con la p\u00e1gina<\/strong>.<\/p>\n<p>En un correo electr\u00f3nico a\u00a0<a href=\"http:\/\/hojaderouter.com\/\">HojaDeRouter.com<\/a>, reconoce que a menudo recibe comentarios cr\u00edticos, pero asegura no sentirse afectada porque \u00abest\u00e1n hechos sin fundamento\u00bb. \u00abSon personas que no han le\u00eddo el blog y atacan pensando que mi intenci\u00f3n es inducir a la anorexia y la bulimia, lo cual es 100% falso\u00bb, subraya.<\/p>\n<p>Para Kohlgr\u00fcber, su p\u00e1gina\u00a0<strong>s\u00f3lo est\u00e1 mostrando su \u00abestilo de vida\u00bb<\/strong>. \u00abNo pretendemos por ning\u00fan motivo cambiar la mentalidad de los dem\u00e1s. Desde casa, los padres est\u00e1n en la obligaci\u00f3n de explicarles a sus hijos lo bueno y lo malo, lo cual servir\u00e1 de base para las malas o buenas decisiones que tomen en su vida. No pueden echar la culpa a los blogs y otros contenidos de la Red de los problemas que en realidad se encuentran en entornos m\u00e1s cercanos como el hogar o la escuela\u00bb.<\/p>\n<p>En este sentido, Lidia Amella admite que, antes de llegar a esas webs, su hija \u00abten\u00eda que estar empezando a tener un problema\u00bb. Sin embargo, opina que \u00e9stas ayudaron a \u00abdar el empuj\u00f3n definitivo\u00bb. \u00abMi hija ha llegado mucho m\u00e1s r\u00e1pidamente y arraigadamente a la anorexia consultando estas p\u00e1ginas\u00bb, lamenta.<\/p>\n<p style=\"text-align: center;\"><a href=\"http:\/\/abucaman.org\/wp-content\/uploads\/2014\/09\/ana4.jpg\"><img loading=\"lazy\" decoding=\"async\" class=\"wp-image-1388 aligncenter\" src=\"http:\/\/abucaman.org\/wp-content\/uploads\/2014\/09\/ana4-300x157.jpg\" alt=\"ana4\" width=\"506\" height=\"264\" \/><\/a><\/p>\n<p>De hecho, los m\u00e9dicos comenzaron a tener conocimiento de este tipo de publicaciones al percibir que pacientes que se encontraban\u00a0<strong>en fases iniciales del trastorno alimentario conoc\u00edan \u00abtrucos\u00bb propios de enfermas cr\u00f3nicas<\/strong>. \u00abDe esta forma consiguen acelerar el descenso ponderal, tanto mediante la restricci\u00f3n alimentaria como con el ejercicio f\u00edsico y conductas purgativas\u00bb, comenta Eva Lago, responsable de un estudio en torno a estas webs elaborado por la<a href=\"http:\/\/www.hospitalsonespases.es\/?lang=es\" target=\"_blank\" rel=\"noopener\">Unidad de Trastornos de la Conducta Alimentaria del Hospital Universitario Son Espases<\/a>. \u00abEn estas p\u00e1ginas se promueven las denominadas\u00a0<strong>\u00abcarreras de kilos\u00bb<\/strong>, que son campeonatos para adelgazar, y de esta forma se motivan unas a otras para la p\u00e9rdida de peso. Asimismo, el hecho de que las pacientes con anorexia o bulimia nerviosa consulten estas p\u00e1ginas nos da una idea del grado de obsesividad de las mismas y de la baja autoconciencia que tienen del trastorno\u00bb.<\/p>\n<p>Aparte de la simbolog\u00eda, los consejos y las dietas, entre los contenidos m\u00e1s duros de estos &#8216;sites&#8217; figuran las t\u00e9cnicas autoagresivas a las que denominan \u00abPro-Si\u00bb (pro- selfinjury) con las que<strong>\u00abense\u00f1an\u00bb a los usuarios a infringirse diversos grados de dolor<\/strong>\u00a0con el objetivo de \u00abquemar calor\u00edas\u00bb y \u00abreforzar el autocontrol\u00bb. Asimismo, cuentan con una secci\u00f3n donde se intercambian nombres de medicamentos, diur\u00e9ticos, adelgazantes&#8230; Se fomenta adem\u00e1s\u00a0<strong>el empleo de coca\u00edna para disminuir y controlar el apetito<\/strong>, as\u00ed como las anfetaminas, el tabaco, el alcohol o el \u00e9xtasis.<\/p>\n<p style=\"text-align: center;\"><a href=\"http:\/\/abucaman.org\/wp-content\/uploads\/2014\/09\/ana5.jpg\"><img loading=\"lazy\" decoding=\"async\" class=\" wp-image-1389 aligncenter\" src=\"http:\/\/abucaman.org\/wp-content\/uploads\/2014\/09\/ana5-300x275.jpg\" alt=\"ana5\" width=\"340\" height=\"311\" \/><\/a><\/p>\n<p>Sin embargo, pese a la dureza de algunos temas,\u00a0<a href=\"http:\/\/www.anamia.fr\/en\/\" target=\"_blank\" rel=\"noopener\">hay investigaciones<\/a>\u00a0que aseguran que\u00a0<strong>estas p\u00e1ginas pueden tener un lado positivo<\/strong>: ayudan a estudiar el comportamiento de las usuarias y las hacen sentir que forman parte de una comunidad. Estas conclusiones han sido bastante controvertidas y varios m\u00e9dicos y expertos se muestran totalmente contrarios. \u00abEs un problema y no se puede ver como una ventaja ni un aspecto positivo\u00bb, afirma tajante C\u00e1novas. \u00abGracias a esas comunidades se refuerza la enfermedad. Hasta ahora se conoc\u00edan en un hospital, con una bata blanca y rodeadas de m\u00e9dicos. Ahora, en internet, establecen contacto las unas con otras al margen de la salud, se refuerza la idea de que es una opci\u00f3n de vida. Ese contacto a trav\u00e9s de internet es brutal, de hecho<b>\u00a0<\/b><strong>lo primero que se hace en una terapia es impedir el acceso a esas p\u00e1ginas<\/strong>\u00ab.<\/p>\n<p>De la misma opini\u00f3n es la doctora Lago, que afirma que encontrar apoyo en internet \u00abpuede ayudar a mantener y cronificar m\u00e1s el trastorno, manteni\u00e9ndose oculto en muchas ocasiones y postergando su tratamiento\u00bb.<\/p>\n<p><a href=\"http:\/\/abucaman.org\/wp-content\/uploads\/2014\/09\/ana7.jpg\"><img loading=\"lazy\" decoding=\"async\" class=\" wp-image-1391 aligncenter\" src=\"http:\/\/abucaman.org\/wp-content\/uploads\/2014\/09\/ana7-300x207.jpg\" alt=\"ana7\" width=\"402\" height=\"277\" srcset=\"https:\/\/abucaman.org\/wp-content\/uploads\/2014\/09\/ana7-300x207.jpg 300w, https:\/\/abucaman.org\/wp-content\/uploads\/2014\/09\/ana7.jpg 434w\" sizes=\"auto, (max-width: 402px) 100vw, 402px\" \/><\/a><\/p>\n<p>&nbsp;<\/p>\n<p><strong>LA AUDIENCIA<\/strong><\/p>\n<p>Seg\u00fan datos de la\u00a0<a href=\"http:\/\/iqua.es\/\" target=\"_blank\" rel=\"noopener\">Agencia de Calidad de Internet (IQUA)<\/a>,\u00a0<strong>el 75% de los usuarios de estas p\u00e1ginas son menores de edad y el 80% son chicas<\/strong>. Adem\u00e1s, seg\u00fan una encuesta realizada por Prot\u00e9geles, publicada en diciembre de 2007 y realizada a menores con edades comprendidas entre 8 y 17 a\u00f1os,\u00a0<strong>el 17% de los menores que usaban internet visitaban p\u00e1ginas &#8216;Pro-Ana&#8217; y &#8216;Pro-M\u00eda&#8217;<\/strong>\u00a0y el 26,2% de chicas y el 15% de los chicos acced\u00edan a ellas para perder peso.<\/p>\n<p>\u00abEl grueso de las que visitan esas p\u00e1ginas son ni\u00f1as de 14 a 16 a\u00f1os que est\u00e1n en un momento de desarrollo que son especialmente vulnerables a lo que hacen y dicen otras personas, sobre todo de su edad\u00bb, reflexiona C\u00e1novas.<\/p>\n<p>Desde el a\u00f1o 2005, el Defensor del Menor junto con los responsables de Prot\u00e9geles denuncian su existencia.\u00a0<strong>En Espa\u00f1a, estas p\u00e1ginas son legales<\/strong>. Su contenido no vulnera el C\u00f3digo Penal vigente, lo que hace m\u00e1s dif\u00edcil su cierre, que depende directamente de la \u00abbuena voluntad\u00bb de los portales de alojamiento. A ra\u00edz de la petici\u00f3n en Change.org, este medio se ha puesto en contacto con los ministerios de Justicia y Sanidad para conocer si hay alg\u00fan plan en marcha para ilegalizarlas, pero no ha obtenido ninguna respuesta.<\/p>\n<p>Por el contrario,<b>\u00a0<\/b><strong>en Francia s\u00ed existe una regulaci\u00f3n<\/strong>\u00a0en torno a &#8216;Pro-Ana&#8217; y &#8216;Pro-M\u00eda&#8217;. Desde 2008, los responsables de estas p\u00e1ginas pueden llegar a enfrentarse a tres a\u00f1os de c\u00e1rcel y una multa de hasta 30.000 euros. Asimismo,\u00a0<a href=\"http:\/\/www.camera.it\/leg17\/995?sezione=documenti&amp;tipoDoc=lavori_testo_pdl&amp;idLegislatura=17&amp;codice=17PDL0023240&amp;back_to=http%3A%2F%2Fwww.camera.it%2Fleg17%2F126%3Ftab%3D2-e-leg%3D17-e-idDocumento%3D2472-e-sede%3D-e-tipo%3D\" target=\"_blank\" rel=\"noopener\">en\u00a0<strong>Italia<\/strong>\u00a0se acaba de abrir el debate con la presentaci\u00f3n de un proyecto de ley<\/a>\u00a0que prev\u00e9 hasta dos a\u00f1os de c\u00e1rcel y multas de entre 10.000 y 100.000 euros para quien instigue a la anorexia o la bulimia.<\/p>\n<p>Los expertos aseguran que, en nuestro pa\u00eds,\u00a0<strong>por cada p\u00e1gina que se cierra se abren cinco nuevas<\/strong>. \u00abEstamos delante de un fen\u00f3meno imparable si no se realiza mayor presi\u00f3n para que nuestro Gobierno reforme el actual C\u00f3digo Penal y podamos contar con amparo legal que permita actuar judicialmente contra los responsables de estas webs\u00bb, subraya Lago.<\/p>\n<p>Por su parte, C\u00e1novas lamenta: \u00abNo se puede acabar con estas p\u00e1ginas porque van buscando servidores distintos. Es una guerra diaria, pero tenemos que tener muy claro que es un contenido perjudicial para los menores, que se tiene que ilegalizar. Al igual que la apolog\u00eda del racismo o la xenofobia, la incitaci\u00f3n de estas enfermedades debe estar tipificado tambi\u00e9n para que podamos actuar\u00bb.<\/p>\n<p>&#8212;&#8212;&#8212;&#8212;&#8212;&#8212;&#8212;&#8212;&#8212;&#8212;&#8211;<\/p>\n<p>Las im\u00e1genes de este art\u00edculo proceden, por orden de aparici\u00f3n, de\u00a0<a href=\"http:\/\/luaxan.deviantart.com\/art\/Anorexia-paint-5-61713488\" target=\"_blank\" rel=\"noopener\">Luaxan<\/a>,\u00a0<a href=\"https:\/\/www.change.org\/p\/proh%C3%ADban-las-p%C3%A1ginas-pro-anorexia-y-pro-bulimia-en-internet\" target=\"_blank\" rel=\"noopener\">Change.org<\/a>, una captura de la web de Pro-Ana,\u00a0<a href=\"https:\/\/www.flickr.com\/photos\/schnappischnap\/8970182946\/in\/photolist-howNV-eEEwSE-3dVjjQ-4cBV95-4cBV93-xE5NS-5jcpEC-73Afcw-dd9Q85-goDZBG-HZ2TM-hT3N1-6L2ud-73wki6-73bRxv-mTBxU-81MC8S-bqJgs-at2KHh-8gMDvd-8XU1SA-h9TEg-o5vkm-7cWFuG-73bRXk-73fQCw-aJ1bgZ-aJ1bgP-4cBV9f-4cz546-4cBV9b-aJ1c68-aJ1a9H-aJ1a9D-aJ1bgH-aJ17Hc-aJ1bgV-aJ17H6-aJ1a9i-aJ17Hk-aJ1a9z-aJ17Hv-aJ1bgz-DkP18-eopUaS-3y1bKR-axJFr-e4pB8n-aJ1a9n-aJ1c5V\/\" target=\"_blank\" rel=\"noopener\">Benjamin Watson<\/a>\u00a0y\u00a0<a href=\"http:\/\/upload.wikimedia.org\/wikipedia\/commons\/4\/48\/Bulimia.jpg\" target=\"_blank\" rel=\"noopener\">Myriam Sanchez Foseca<\/a>\u00a0(y\u00a0<a href=\"http:\/\/commons.wikimedia.org\/wiki\/File:Bulimia_1.png\" target=\"_blank\" rel=\"noopener\">2<\/a><\/p>\n<p>&nbsp;<\/p>\n<p>&nbsp;<\/p>\n<div><\/div>\n","protected":false},"excerpt":{"rendered":"<p>Las webs que fomentan la anorexia son legales en Espa\u00f1a Se denominan webs &#8216;Pro-Ana&#8217; y &#8216;Pro-M\u00eda&#8216; y ofrecen consejos, dietas<\/p>\n","protected":false},"author":1,"featured_media":1463,"comment_status":"open","ping_status":"closed","sticky":false,"template":"","format":"standard","meta":{"footnotes":""},"categories":[18],"tags":[],"class_list":["post-1384","post","type-post","status-publish","format-standard","has-post-thumbnail","hentry","category-campanas","wpautop"],"yoast_head":"<!-- This site is optimized with the Yoast SEO plugin v21.5 - https:\/\/yoast.com\/wordpress\/plugins\/seo\/ -->\n<title>Tras los pasos de Ana y M\u00eda - Siempre cerca de ti...<\/title>\n<meta name=\"robots\" content=\"index, follow, max-snippet:-1, max-image-preview:large, max-video-preview:-1\" \/>\n<link rel=\"canonical\" href=\"https:\/\/abucaman.org\/?p=1384\" \/>\n<meta property=\"og:locale\" content=\"es_ES\" \/>\n<meta property=\"og:type\" content=\"article\" \/>\n<meta property=\"og:title\" content=\"Tras los pasos de Ana y M\u00eda - Siempre cerca de ti...\" \/>\n<meta property=\"og:description\" content=\"Las webs que fomentan la anorexia son legales en Espa\u00f1a Se denominan webs &#8216;Pro-Ana&#8217; y &#8216;Pro-M\u00eda&#8216; y ofrecen consejos, dietas\" \/>\n<meta property=\"og:url\" content=\"https:\/\/abucaman.org\/?p=1384\" \/>\n<meta property=\"og:site_name\" content=\"Siempre cerca de ti...\" \/>\n<meta property=\"article:published_time\" content=\"2014-09-10T21:45:46+00:00\" \/>\n<meta property=\"article:modified_time\" content=\"2018-11-25T22:17:16+00:00\" \/>\n<meta property=\"og:image\" content=\"https:\/\/abucaman.org\/wp-content\/uploads\/2014\/09\/anamia.jpg\" \/>\n\t<meta property=\"og:image:width\" content=\"372\" \/>\n\t<meta property=\"og:image:height\" content=\"136\" \/>\n\t<meta property=\"og:image:type\" content=\"image\/jpeg\" \/>\n<meta name=\"author\" content=\"abucaman\" \/>\n<meta name=\"twitter:card\" content=\"summary_large_image\" \/>\n<meta name=\"twitter:label1\" content=\"Escrito por\" \/>\n\t<meta name=\"twitter:data1\" content=\"abucaman\" \/>\n\t<meta name=\"twitter:label2\" content=\"Tiempo de lectura\" \/>\n\t<meta name=\"twitter:data2\" content=\"10 minutos\" \/>\n<script type=\"application\/ld+json\" class=\"yoast-schema-graph\">{\"@context\":\"https:\/\/schema.org\",\"@graph\":[{\"@type\":\"Article\",\"@id\":\"https:\/\/abucaman.org\/?p=1384#article\",\"isPartOf\":{\"@id\":\"https:\/\/abucaman.org\/?p=1384\"},\"author\":{\"name\":\"abucaman\",\"@id\":\"https:\/\/abucaman.org\/#\/schema\/person\/6dde1a65ce4063516a87731e92c00bda\"},\"headline\":\"Tras los pasos de Ana y M\u00eda\",\"datePublished\":\"2014-09-10T21:45:46+00:00\",\"dateModified\":\"2018-11-25T22:17:16+00:00\",\"mainEntityOfPage\":{\"@id\":\"https:\/\/abucaman.org\/?p=1384\"},\"wordCount\":1966,\"commentCount\":0,\"publisher\":{\"@id\":\"https:\/\/abucaman.org\/#organization\"},\"articleSection\":[\"Campa\u00f1as\"],\"inLanguage\":\"es\",\"potentialAction\":[{\"@type\":\"CommentAction\",\"name\":\"Comment\",\"target\":[\"https:\/\/abucaman.org\/?p=1384#respond\"]}]},{\"@type\":\"WebPage\",\"@id\":\"https:\/\/abucaman.org\/?p=1384\",\"url\":\"https:\/\/abucaman.org\/?p=1384\",\"name\":\"Tras los pasos de Ana y M\u00eda - Siempre cerca de ti...\",\"isPartOf\":{\"@id\":\"https:\/\/abucaman.org\/#website\"},\"datePublished\":\"2014-09-10T21:45:46+00:00\",\"dateModified\":\"2018-11-25T22:17:16+00:00\",\"breadcrumb\":{\"@id\":\"https:\/\/abucaman.org\/?p=1384#breadcrumb\"},\"inLanguage\":\"es\",\"potentialAction\":[{\"@type\":\"ReadAction\",\"target\":[\"https:\/\/abucaman.org\/?p=1384\"]}]},{\"@type\":\"BreadcrumbList\",\"@id\":\"https:\/\/abucaman.org\/?p=1384#breadcrumb\",\"itemListElement\":[{\"@type\":\"ListItem\",\"position\":1,\"name\":\"Portada\",\"item\":\"https:\/\/abucaman.org\/\"},{\"@type\":\"ListItem\",\"position\":2,\"name\":\"Tras los pasos de Ana y M\u00eda\"}]},{\"@type\":\"WebSite\",\"@id\":\"https:\/\/abucaman.org\/#website\",\"url\":\"https:\/\/abucaman.org\/\",\"name\":\"Abucaman\",\"description\":\"\",\"publisher\":{\"@id\":\"https:\/\/abucaman.org\/#organization\"},\"potentialAction\":[{\"@type\":\"SearchAction\",\"target\":{\"@type\":\"EntryPoint\",\"urlTemplate\":\"https:\/\/abucaman.org\/?s={search_term_string}\"},\"query-input\":\"required name=search_term_string\"}],\"inLanguage\":\"es\"},{\"@type\":\"Organization\",\"@id\":\"https:\/\/abucaman.org\/#organization\",\"name\":\"abucaman\",\"url\":\"https:\/\/abucaman.org\/\",\"logo\":{\"@type\":\"ImageObject\",\"inLanguage\":\"es\",\"@id\":\"https:\/\/abucaman.org\/#\/schema\/logo\/image\/\",\"url\":\"https:\/\/abucaman.org\/wp-content\/uploads\/2014\/03\/Logo-abucaman-2-png.png\",\"contentUrl\":\"https:\/\/abucaman.org\/wp-content\/uploads\/2014\/03\/Logo-abucaman-2-png.png\",\"width\":560,\"height\":420,\"caption\":\"abucaman\"},\"image\":{\"@id\":\"https:\/\/abucaman.org\/#\/schema\/logo\/image\/\"}},{\"@type\":\"Person\",\"@id\":\"https:\/\/abucaman.org\/#\/schema\/person\/6dde1a65ce4063516a87731e92c00bda\",\"name\":\"abucaman\",\"description\":\"Asociaci\u00f3n de familiares y enfermos de los trastornos de la conducta alimentaria \\\"San Jos\u00e9\\\" de Castilla la Mancha.\"}]}<\/script>\n<!-- \/ Yoast SEO plugin. -->","yoast_head_json":{"title":"Tras los pasos de Ana y M\u00eda - Siempre cerca de ti...","robots":{"index":"index","follow":"follow","max-snippet":"max-snippet:-1","max-image-preview":"max-image-preview:large","max-video-preview":"max-video-preview:-1"},"canonical":"https:\/\/abucaman.org\/?p=1384","og_locale":"es_ES","og_type":"article","og_title":"Tras los pasos de Ana y M\u00eda - Siempre cerca de ti...","og_description":"Las webs que fomentan la anorexia son legales en Espa\u00f1a Se denominan webs &#8216;Pro-Ana&#8217; y &#8216;Pro-M\u00eda&#8216; y ofrecen consejos, dietas","og_url":"https:\/\/abucaman.org\/?p=1384","og_site_name":"Siempre cerca de ti...","article_published_time":"2014-09-10T21:45:46+00:00","article_modified_time":"2018-11-25T22:17:16+00:00","og_image":[{"width":372,"height":136,"url":"https:\/\/abucaman.org\/wp-content\/uploads\/2014\/09\/anamia.jpg","type":"image\/jpeg"}],"author":"abucaman","twitter_card":"summary_large_image","twitter_misc":{"Escrito por":"abucaman","Tiempo de lectura":"10 minutos"},"schema":{"@context":"https:\/\/schema.org","@graph":[{"@type":"Article","@id":"https:\/\/abucaman.org\/?p=1384#article","isPartOf":{"@id":"https:\/\/abucaman.org\/?p=1384"},"author":{"name":"abucaman","@id":"https:\/\/abucaman.org\/#\/schema\/person\/6dde1a65ce4063516a87731e92c00bda"},"headline":"Tras los pasos de Ana y M\u00eda","datePublished":"2014-09-10T21:45:46+00:00","dateModified":"2018-11-25T22:17:16+00:00","mainEntityOfPage":{"@id":"https:\/\/abucaman.org\/?p=1384"},"wordCount":1966,"commentCount":0,"publisher":{"@id":"https:\/\/abucaman.org\/#organization"},"articleSection":["Campa\u00f1as"],"inLanguage":"es","potentialAction":[{"@type":"CommentAction","name":"Comment","target":["https:\/\/abucaman.org\/?p=1384#respond"]}]},{"@type":"WebPage","@id":"https:\/\/abucaman.org\/?p=1384","url":"https:\/\/abucaman.org\/?p=1384","name":"Tras los pasos de Ana y M\u00eda - Siempre cerca de ti...","isPartOf":{"@id":"https:\/\/abucaman.org\/#website"},"datePublished":"2014-09-10T21:45:46+00:00","dateModified":"2018-11-25T22:17:16+00:00","breadcrumb":{"@id":"https:\/\/abucaman.org\/?p=1384#breadcrumb"},"inLanguage":"es","potentialAction":[{"@type":"ReadAction","target":["https:\/\/abucaman.org\/?p=1384"]}]},{"@type":"BreadcrumbList","@id":"https:\/\/abucaman.org\/?p=1384#breadcrumb","itemListElement":[{"@type":"ListItem","position":1,"name":"Portada","item":"https:\/\/abucaman.org\/"},{"@type":"ListItem","position":2,"name":"Tras los pasos de Ana y M\u00eda"}]},{"@type":"WebSite","@id":"https:\/\/abucaman.org\/#website","url":"https:\/\/abucaman.org\/","name":"Abucaman","description":"","publisher":{"@id":"https:\/\/abucaman.org\/#organization"},"potentialAction":[{"@type":"SearchAction","target":{"@type":"EntryPoint","urlTemplate":"https:\/\/abucaman.org\/?s={search_term_string}"},"query-input":"required name=search_term_string"}],"inLanguage":"es"},{"@type":"Organization","@id":"https:\/\/abucaman.org\/#organization","name":"abucaman","url":"https:\/\/abucaman.org\/","logo":{"@type":"ImageObject","inLanguage":"es","@id":"https:\/\/abucaman.org\/#\/schema\/logo\/image\/","url":"https:\/\/abucaman.org\/wp-content\/uploads\/2014\/03\/Logo-abucaman-2-png.png","contentUrl":"https:\/\/abucaman.org\/wp-content\/uploads\/2014\/03\/Logo-abucaman-2-png.png","width":560,"height":420,"caption":"abucaman"},"image":{"@id":"https:\/\/abucaman.org\/#\/schema\/logo\/image\/"}},{"@type":"Person","@id":"https:\/\/abucaman.org\/#\/schema\/person\/6dde1a65ce4063516a87731e92c00bda","name":"abucaman","description":"Asociaci\u00f3n de familiares y enfermos de los trastornos de la conducta alimentaria \"San Jos\u00e9\" de Castilla la Mancha."}]}},"_links":{"self":[{"href":"https:\/\/abucaman.org\/index.php?rest_route=\/wp\/v2\/posts\/1384","targetHints":{"allow":["GET"]}}],"collection":[{"href":"https:\/\/abucaman.org\/index.php?rest_route=\/wp\/v2\/posts"}],"about":[{"href":"https:\/\/abucaman.org\/index.php?rest_route=\/wp\/v2\/types\/post"}],"author":[{"embeddable":true,"href":"https:\/\/abucaman.org\/index.php?rest_route=\/wp\/v2\/users\/1"}],"replies":[{"embeddable":true,"href":"https:\/\/abucaman.org\/index.php?rest_route=%2Fwp%2Fv2%2Fcomments&post=1384"}],"version-history":[{"count":1,"href":"https:\/\/abucaman.org\/index.php?rest_route=\/wp\/v2\/posts\/1384\/revisions"}],"predecessor-version":[{"id":1464,"href":"https:\/\/abucaman.org\/index.php?rest_route=\/wp\/v2\/posts\/1384\/revisions\/1464"}],"wp:featuredmedia":[{"embeddable":true,"href":"https:\/\/abucaman.org\/index.php?rest_route=\/wp\/v2\/media\/1463"}],"wp:attachment":[{"href":"https:\/\/abucaman.org\/index.php?rest_route=%2Fwp%2Fv2%2Fmedia&parent=1384"}],"wp:term":[{"taxonomy":"category","embeddable":true,"href":"https:\/\/abucaman.org\/index.php?rest_route=%2Fwp%2Fv2%2Fcategories&post=1384"},{"taxonomy":"post_tag","embeddable":true,"href":"https:\/\/abucaman.org\/index.php?rest_route=%2Fwp%2Fv2%2Ftags&post=1384"}],"curies":[{"name":"wp","href":"https:\/\/api.w.org\/{rel}","templated":true}]}}