{"id":1356,"date":"2014-06-27T17:45:22","date_gmt":"2014-06-27T17:45:22","guid":{"rendered":"http:\/\/abucaman.org\/?p=1356"},"modified":"2018-11-25T22:20:53","modified_gmt":"2018-11-25T22:20:53","slug":"festival-benefico-de-musica-y-danza","status":"publish","type":"post","link":"https:\/\/abucaman.org\/?p=1356","title":{"rendered":"Festival ben\u00e9fico de M\u00fasica y Danza"},"content":{"rendered":"<blockquote><p>El pasado 25 de Junio \u00a0la escuela de m\u00fasica y danza MEREVEL de Toledo ha colaborado por segundo a\u00f1o consecutivo con Abucaman con un magn\u00edfico festival de m\u00fasica y danza en beneficio de nuestra asociaci\u00f3n y con el fin de recaudar fondos para continuar con la labor de ayuda a las los enfermos y familiares de los trastornos de la conducta alimentaria.<\/p><\/blockquote>\n<figure id=\"attachment_1359\" aria-describedby=\"caption-attachment-1359\" style=\"width: 300px\" class=\"wp-caption alignleft\"><a href=\"http:\/\/abucaman.org\/wp-content\/uploads\/2014\/06\/DSC_0714.jpg\"><img loading=\"lazy\" decoding=\"async\" class=\"size-medium wp-image-1359 \" src=\"http:\/\/abucaman.org\/wp-content\/uploads\/2014\/06\/DSC_0714-300x168.jpg\" alt=\"Momento del espect\u00e1culo de Merevel\" width=\"300\" height=\"168\" srcset=\"https:\/\/abucaman.org\/wp-content\/uploads\/2014\/06\/DSC_0714-300x168.jpg 300w, https:\/\/abucaman.org\/wp-content\/uploads\/2014\/06\/DSC_0714-1024x576.jpg 1024w, https:\/\/abucaman.org\/wp-content\/uploads\/2014\/06\/DSC_0714-900x506.jpg 900w\" sizes=\"auto, (max-width: 300px) 100vw, 300px\" \/><\/a><figcaption id=\"caption-attachment-1359\" class=\"wp-caption-text\">Momento del espect\u00e1culo de Merevel<\/figcaption><\/figure>\n<p>El espect\u00e1culo, que tuvo como escenario \u00a0el Teatro Jacinto de Rojas de Toledo, disfrut\u00f3 de un magnifico ambiente en donde pudimos admirar el talento de j\u00f3venes de muy variadas edades interpretando durante tres horas, \u00a0ritmos y coreograf\u00edas que fueron desde la danza cl\u00e1sica y \u00a0flamenco, hasta la fusi\u00f3n de ritmos de salsa con hip-hop.<\/p>\n<p><a href=\"http:\/\/www.merevel.es\/\">MEREVEL<\/a>, es una escuela de m\u00fasica y danza especializada en todo tipo de disciplinas y cuya experiencia se extiende desde hace mas de 20 a\u00f1os, contando con profesores cualificados que han ido adaptando a los tiempos modernos la danza, a\u00f1adiendo disciplinas contempor\u00e1neas. \u00a0<a title=\"Ver v\u00eddeo de algunos momentos\" href=\"https:\/\/drive.google.com\/file\/d\/0B0lJTQd8Dqf_UDNXRlo4TUZIazA\/edit?usp=sharing\"><span style=\"line-height: 1.5em;\">Ver video<\/span><\/a><\/p>\n<p><span style=\"line-height: 1.5em;\">Desde aqu\u00ed agradecemos de todo coraz\u00f3n a MEREVEL, a sus profesores, alumnos y a sus directoras Vanesa y Gema por su ayuda desinteresada en favor de la lucha contra los trastornos de la conducta alimentaria que tanto da\u00f1o esta causando a nuestros j\u00f3venes. Tambi\u00e9n agradecer el apoyo que todos los a\u00f1os nos ofrece la Organizaci\u00f3n del Teatro Jacinto de Rojas de Toledo por cedernos gratuitamente este magnifico entorno esc\u00e9nico.<\/span><\/p>\n<p>GRACIAS A TODOS<\/p>\n<p>ABUCAMAN<\/p>\n<p>&nbsp;<\/p>\n<p>&nbsp;<\/p>\n","protected":false},"excerpt":{"rendered":"<p>El pasado 25 de Junio \u00a0la escuela de m\u00fasica y danza MEREVEL de Toledo ha colaborado por segundo a\u00f1o consecutivo<\/p>\n","protected":false},"author":1,"featured_media":1359,"comment_status":"closed","ping_status":"closed","sticky":false,"template":"","format":"standard","meta":{"footnotes":""},"categories":[1],"tags":[],"class_list":["post-1356","post","type-post","status-publish","format-standard","has-post-thumbnail","hentry","category-actualidad","wpautop"],"yoast_head":"<!-- This site is optimized with the Yoast SEO plugin v21.5 - https:\/\/yoast.com\/wordpress\/plugins\/seo\/ -->\n<title>Festival ben\u00e9fico de M\u00fasica y Danza - Siempre cerca de ti...<\/title>\n<meta name=\"robots\" content=\"index, follow, max-snippet:-1, max-image-preview:large, max-video-preview:-1\" \/>\n<link rel=\"canonical\" href=\"https:\/\/abucaman.org\/?p=1356\" \/>\n<meta property=\"og:locale\" content=\"es_ES\" \/>\n<meta property=\"og:type\" content=\"article\" \/>\n<meta property=\"og:title\" content=\"Festival ben\u00e9fico de M\u00fasica y Danza - Siempre cerca de ti...\" \/>\n<meta property=\"og:description\" content=\"El pasado 25 de Junio \u00a0la escuela de m\u00fasica y danza MEREVEL de Toledo ha colaborado por segundo a\u00f1o consecutivo\" \/>\n<meta property=\"og:url\" content=\"https:\/\/abucaman.org\/?p=1356\" \/>\n<meta property=\"og:site_name\" content=\"Siempre cerca de ti...\" \/>\n<meta property=\"article:published_time\" content=\"2014-06-27T17:45:22+00:00\" \/>\n<meta property=\"article:modified_time\" content=\"2018-11-25T22:20:53+00:00\" \/>\n<meta property=\"og:image\" content=\"https:\/\/abucaman.org\/wp-content\/uploads\/2014\/06\/DSC_0714.jpg\" \/>\n\t<meta property=\"og:image:width\" content=\"3104\" \/>\n\t<meta property=\"og:image:height\" content=\"1746\" \/>\n\t<meta property=\"og:image:type\" content=\"image\/jpeg\" \/>\n<meta name=\"author\" content=\"abucaman\" \/>\n<meta name=\"twitter:card\" content=\"summary_large_image\" \/>\n<meta name=\"twitter:label1\" content=\"Escrito por\" \/>\n\t<meta name=\"twitter:data1\" content=\"abucaman\" \/>\n\t<meta name=\"twitter:label2\" content=\"Tiempo de lectura\" \/>\n\t<meta name=\"twitter:data2\" content=\"1 minuto\" \/>\n<script type=\"application\/ld+json\" class=\"yoast-schema-graph\">{\"@context\":\"https:\/\/schema.org\",\"@graph\":[{\"@type\":\"Article\",\"@id\":\"https:\/\/abucaman.org\/?p=1356#article\",\"isPartOf\":{\"@id\":\"https:\/\/abucaman.org\/?p=1356\"},\"author\":{\"name\":\"abucaman\",\"@id\":\"https:\/\/abucaman.org\/#\/schema\/person\/6dde1a65ce4063516a87731e92c00bda\"},\"headline\":\"Festival ben\u00e9fico de M\u00fasica y Danza\",\"datePublished\":\"2014-06-27T17:45:22+00:00\",\"dateModified\":\"2018-11-25T22:20:53+00:00\",\"mainEntityOfPage\":{\"@id\":\"https:\/\/abucaman.org\/?p=1356\"},\"wordCount\":275,\"publisher\":{\"@id\":\"https:\/\/abucaman.org\/#organization\"},\"articleSection\":[\"ACTUALIDAD\"],\"inLanguage\":\"es\"},{\"@type\":\"WebPage\",\"@id\":\"https:\/\/abucaman.org\/?p=1356\",\"url\":\"https:\/\/abucaman.org\/?p=1356\",\"name\":\"Festival ben\u00e9fico de M\u00fasica y Danza - Siempre cerca de ti...\",\"isPartOf\":{\"@id\":\"https:\/\/abucaman.org\/#website\"},\"datePublished\":\"2014-06-27T17:45:22+00:00\",\"dateModified\":\"2018-11-25T22:20:53+00:00\",\"breadcrumb\":{\"@id\":\"https:\/\/abucaman.org\/?p=1356#breadcrumb\"},\"inLanguage\":\"es\",\"potentialAction\":[{\"@type\":\"ReadAction\",\"target\":[\"https:\/\/abucaman.org\/?p=1356\"]}]},{\"@type\":\"BreadcrumbList\",\"@id\":\"https:\/\/abucaman.org\/?p=1356#breadcrumb\",\"itemListElement\":[{\"@type\":\"ListItem\",\"position\":1,\"name\":\"Portada\",\"item\":\"https:\/\/abucaman.org\/\"},{\"@type\":\"ListItem\",\"position\":2,\"name\":\"Festival ben\u00e9fico de M\u00fasica y Danza\"}]},{\"@type\":\"WebSite\",\"@id\":\"https:\/\/abucaman.org\/#website\",\"url\":\"https:\/\/abucaman.org\/\",\"name\":\"Abucaman\",\"description\":\"\",\"publisher\":{\"@id\":\"https:\/\/abucaman.org\/#organization\"},\"potentialAction\":[{\"@type\":\"SearchAction\",\"target\":{\"@type\":\"EntryPoint\",\"urlTemplate\":\"https:\/\/abucaman.org\/?s={search_term_string}\"},\"query-input\":\"required name=search_term_string\"}],\"inLanguage\":\"es\"},{\"@type\":\"Organization\",\"@id\":\"https:\/\/abucaman.org\/#organization\",\"name\":\"abucaman\",\"url\":\"https:\/\/abucaman.org\/\",\"logo\":{\"@type\":\"ImageObject\",\"inLanguage\":\"es\",\"@id\":\"https:\/\/abucaman.org\/#\/schema\/logo\/image\/\",\"url\":\"https:\/\/abucaman.org\/wp-content\/uploads\/2014\/03\/Logo-abucaman-2-png.png\",\"contentUrl\":\"https:\/\/abucaman.org\/wp-content\/uploads\/2014\/03\/Logo-abucaman-2-png.png\",\"width\":560,\"height\":420,\"caption\":\"abucaman\"},\"image\":{\"@id\":\"https:\/\/abucaman.org\/#\/schema\/logo\/image\/\"}},{\"@type\":\"Person\",\"@id\":\"https:\/\/abucaman.org\/#\/schema\/person\/6dde1a65ce4063516a87731e92c00bda\",\"name\":\"abucaman\",\"description\":\"Asociaci\u00f3n de familiares y enfermos de los trastornos de la conducta alimentaria \\\"San Jos\u00e9\\\" de Castilla la Mancha.\"}]}<\/script>\n<!-- \/ Yoast SEO plugin. -->","yoast_head_json":{"title":"Festival ben\u00e9fico de M\u00fasica y Danza - Siempre cerca de ti...","robots":{"index":"index","follow":"follow","max-snippet":"max-snippet:-1","max-image-preview":"max-image-preview:large","max-video-preview":"max-video-preview:-1"},"canonical":"https:\/\/abucaman.org\/?p=1356","og_locale":"es_ES","og_type":"article","og_title":"Festival ben\u00e9fico de M\u00fasica y Danza - Siempre cerca de ti...","og_description":"El pasado 25 de Junio \u00a0la escuela de m\u00fasica y danza MEREVEL de Toledo ha colaborado por segundo a\u00f1o consecutivo","og_url":"https:\/\/abucaman.org\/?p=1356","og_site_name":"Siempre cerca de ti...","article_published_time":"2014-06-27T17:45:22+00:00","article_modified_time":"2018-11-25T22:20:53+00:00","og_image":[{"width":3104,"height":1746,"url":"https:\/\/abucaman.org\/wp-content\/uploads\/2014\/06\/DSC_0714.jpg","type":"image\/jpeg"}],"author":"abucaman","twitter_card":"summary_large_image","twitter_misc":{"Escrito por":"abucaman","Tiempo de lectura":"1 minuto"},"schema":{"@context":"https:\/\/schema.org","@graph":[{"@type":"Article","@id":"https:\/\/abucaman.org\/?p=1356#article","isPartOf":{"@id":"https:\/\/abucaman.org\/?p=1356"},"author":{"name":"abucaman","@id":"https:\/\/abucaman.org\/#\/schema\/person\/6dde1a65ce4063516a87731e92c00bda"},"headline":"Festival ben\u00e9fico de M\u00fasica y Danza","datePublished":"2014-06-27T17:45:22+00:00","dateModified":"2018-11-25T22:20:53+00:00","mainEntityOfPage":{"@id":"https:\/\/abucaman.org\/?p=1356"},"wordCount":275,"publisher":{"@id":"https:\/\/abucaman.org\/#organization"},"articleSection":["ACTUALIDAD"],"inLanguage":"es"},{"@type":"WebPage","@id":"https:\/\/abucaman.org\/?p=1356","url":"https:\/\/abucaman.org\/?p=1356","name":"Festival ben\u00e9fico de M\u00fasica y Danza - Siempre cerca de ti...","isPartOf":{"@id":"https:\/\/abucaman.org\/#website"},"datePublished":"2014-06-27T17:45:22+00:00","dateModified":"2018-11-25T22:20:53+00:00","breadcrumb":{"@id":"https:\/\/abucaman.org\/?p=1356#breadcrumb"},"inLanguage":"es","potentialAction":[{"@type":"ReadAction","target":["https:\/\/abucaman.org\/?p=1356"]}]},{"@type":"BreadcrumbList","@id":"https:\/\/abucaman.org\/?p=1356#breadcrumb","itemListElement":[{"@type":"ListItem","position":1,"name":"Portada","item":"https:\/\/abucaman.org\/"},{"@type":"ListItem","position":2,"name":"Festival ben\u00e9fico de M\u00fasica y Danza"}]},{"@type":"WebSite","@id":"https:\/\/abucaman.org\/#website","url":"https:\/\/abucaman.org\/","name":"Abucaman","description":"","publisher":{"@id":"https:\/\/abucaman.org\/#organization"},"potentialAction":[{"@type":"SearchAction","target":{"@type":"EntryPoint","urlTemplate":"https:\/\/abucaman.org\/?s={search_term_string}"},"query-input":"required name=search_term_string"}],"inLanguage":"es"},{"@type":"Organization","@id":"https:\/\/abucaman.org\/#organization","name":"abucaman","url":"https:\/\/abucaman.org\/","logo":{"@type":"ImageObject","inLanguage":"es","@id":"https:\/\/abucaman.org\/#\/schema\/logo\/image\/","url":"https:\/\/abucaman.org\/wp-content\/uploads\/2014\/03\/Logo-abucaman-2-png.png","contentUrl":"https:\/\/abucaman.org\/wp-content\/uploads\/2014\/03\/Logo-abucaman-2-png.png","width":560,"height":420,"caption":"abucaman"},"image":{"@id":"https:\/\/abucaman.org\/#\/schema\/logo\/image\/"}},{"@type":"Person","@id":"https:\/\/abucaman.org\/#\/schema\/person\/6dde1a65ce4063516a87731e92c00bda","name":"abucaman","description":"Asociaci\u00f3n de familiares y enfermos de los trastornos de la conducta alimentaria \"San Jos\u00e9\" de Castilla la Mancha."}]}},"_links":{"self":[{"href":"https:\/\/abucaman.org\/index.php?rest_route=\/wp\/v2\/posts\/1356","targetHints":{"allow":["GET"]}}],"collection":[{"href":"https:\/\/abucaman.org\/index.php?rest_route=\/wp\/v2\/posts"}],"about":[{"href":"https:\/\/abucaman.org\/index.php?rest_route=\/wp\/v2\/types\/post"}],"author":[{"embeddable":true,"href":"https:\/\/abucaman.org\/index.php?rest_route=\/wp\/v2\/users\/1"}],"replies":[{"embeddable":true,"href":"https:\/\/abucaman.org\/index.php?rest_route=%2Fwp%2Fv2%2Fcomments&post=1356"}],"version-history":[{"count":1,"href":"https:\/\/abucaman.org\/index.php?rest_route=\/wp\/v2\/posts\/1356\/revisions"}],"predecessor-version":[{"id":1465,"href":"https:\/\/abucaman.org\/index.php?rest_route=\/wp\/v2\/posts\/1356\/revisions\/1465"}],"wp:featuredmedia":[{"embeddable":true,"href":"https:\/\/abucaman.org\/index.php?rest_route=\/wp\/v2\/media\/1359"}],"wp:attachment":[{"href":"https:\/\/abucaman.org\/index.php?rest_route=%2Fwp%2Fv2%2Fmedia&parent=1356"}],"wp:term":[{"taxonomy":"category","embeddable":true,"href":"https:\/\/abucaman.org\/index.php?rest_route=%2Fwp%2Fv2%2Fcategories&post=1356"},{"taxonomy":"post_tag","embeddable":true,"href":"https:\/\/abucaman.org\/index.php?rest_route=%2Fwp%2Fv2%2Ftags&post=1356"}],"curies":[{"name":"wp","href":"https:\/\/api.w.org\/{rel}","templated":true}]}}