{"id":1249,"date":"2014-03-30T16:31:40","date_gmt":"2014-03-30T16:31:40","guid":{"rendered":"http:\/\/abucaman.org\/?p=1249"},"modified":"2018-11-25T22:25:02","modified_gmt":"2018-11-25T22:25:02","slug":"grupos-de-terapia-para-familiares-de-afectados","status":"publish","type":"post","link":"https:\/\/abucaman.org\/?p=1249","title":{"rendered":"Grupo de Terapia para familiares de afectados"},"content":{"rendered":"<blockquote><p><a href=\"http:\/\/abucaman.org\/wp-content\/uploads\/2014\/02\/terapia_de_grupo.jpg\"><img loading=\"lazy\" decoding=\"async\" class=\"alignright size-medium wp-image-880\" src=\"http:\/\/abucaman.org\/wp-content\/uploads\/2014\/02\/terapia_de_grupo-300x199.jpg\" alt=\"terapia_de_grupo\" width=\"300\" height=\"199\" srcset=\"https:\/\/abucaman.org\/wp-content\/uploads\/2014\/02\/terapia_de_grupo-300x199.jpg 300w, https:\/\/abucaman.org\/wp-content\/uploads\/2014\/02\/terapia_de_grupo.jpg 425w\" sizes=\"auto, (max-width: 300px) 100vw, 300px\" \/><\/a><strong>ABUCAMAN<\/strong>,\u00a0 organiza como medida de ayuda a los padres o familiares de afectados por alg\u00fan trastornos de la conducta alimentaria un \u00ab<em><strong> grupo de terapia<\/strong><\/em>\u00bb dirigido y asesorado por personal especialidado en psicologia y nutrici\u00f3n.<\/p>\n<p>El grupo, comenzar\u00e1 a partir del pr\u00f3ximo martes 15 de abril y una vez cada semana seg\u00fan programa. La duraci\u00f3n ser\u00e1 de 19 a 20:30 h y podr\u00e1n asistir todas aquellas personas que lo necesiten siendo el mismo de caracter gratuito.<\/p>\n<p>Si deseas asistir, puedes ponerte en contacto con nosotros en cualquier momento.<\/p><\/blockquote>\n","protected":false},"excerpt":{"rendered":"<p>ABUCAMAN,\u00a0 organiza como medida de ayuda a los padres o familiares de afectados por alg\u00fan trastornos de la conducta alimentaria<\/p>\n","protected":false},"author":1,"featured_media":880,"comment_status":"closed","ping_status":"closed","sticky":false,"template":"","format":"standard","meta":{"footnotes":""},"categories":[1],"tags":[],"class_list":["post-1249","post","type-post","status-publish","format-standard","has-post-thumbnail","hentry","category-actualidad","wpautop"],"yoast_head":"<!-- This site is optimized with the Yoast SEO plugin v21.5 - https:\/\/yoast.com\/wordpress\/plugins\/seo\/ -->\n<title>Grupo de Terapia para familiares de afectados - Siempre cerca de ti...<\/title>\n<meta name=\"robots\" content=\"index, follow, max-snippet:-1, max-image-preview:large, max-video-preview:-1\" \/>\n<link rel=\"canonical\" href=\"https:\/\/abucaman.org\/?p=1249\" \/>\n<meta property=\"og:locale\" content=\"es_ES\" \/>\n<meta property=\"og:type\" content=\"article\" \/>\n<meta property=\"og:title\" content=\"Grupo de Terapia para familiares de afectados - Siempre cerca de ti...\" \/>\n<meta property=\"og:description\" content=\"ABUCAMAN,\u00a0 organiza como medida de ayuda a los padres o familiares de afectados por alg\u00fan trastornos de la conducta alimentaria\" \/>\n<meta property=\"og:url\" content=\"https:\/\/abucaman.org\/?p=1249\" \/>\n<meta property=\"og:site_name\" content=\"Siempre cerca de ti...\" \/>\n<meta property=\"article:published_time\" content=\"2014-03-30T16:31:40+00:00\" \/>\n<meta property=\"article:modified_time\" content=\"2018-11-25T22:25:02+00:00\" \/>\n<meta property=\"og:image\" content=\"https:\/\/abucaman.org\/wp-content\/uploads\/2014\/02\/terapia_de_grupo.jpg\" \/>\n\t<meta property=\"og:image:width\" content=\"425\" \/>\n\t<meta property=\"og:image:height\" content=\"282\" \/>\n\t<meta property=\"og:image:type\" content=\"image\/jpeg\" \/>\n<meta name=\"author\" content=\"abucaman\" \/>\n<meta name=\"twitter:card\" content=\"summary_large_image\" \/>\n<meta name=\"twitter:label1\" content=\"Escrito por\" \/>\n\t<meta name=\"twitter:data1\" content=\"abucaman\" \/>\n<script type=\"application\/ld+json\" class=\"yoast-schema-graph\">{\"@context\":\"https:\/\/schema.org\",\"@graph\":[{\"@type\":\"Article\",\"@id\":\"https:\/\/abucaman.org\/?p=1249#article\",\"isPartOf\":{\"@id\":\"https:\/\/abucaman.org\/?p=1249\"},\"author\":{\"name\":\"abucaman\",\"@id\":\"https:\/\/abucaman.org\/#\/schema\/person\/6dde1a65ce4063516a87731e92c00bda\"},\"headline\":\"Grupo de Terapia para familiares de afectados\",\"datePublished\":\"2014-03-30T16:31:40+00:00\",\"dateModified\":\"2018-11-25T22:25:02+00:00\",\"mainEntityOfPage\":{\"@id\":\"https:\/\/abucaman.org\/?p=1249\"},\"wordCount\":97,\"publisher\":{\"@id\":\"https:\/\/abucaman.org\/#organization\"},\"articleSection\":[\"ACTUALIDAD\"],\"inLanguage\":\"es\"},{\"@type\":\"WebPage\",\"@id\":\"https:\/\/abucaman.org\/?p=1249\",\"url\":\"https:\/\/abucaman.org\/?p=1249\",\"name\":\"Grupo de Terapia para familiares de afectados - Siempre cerca de ti...\",\"isPartOf\":{\"@id\":\"https:\/\/abucaman.org\/#website\"},\"datePublished\":\"2014-03-30T16:31:40+00:00\",\"dateModified\":\"2018-11-25T22:25:02+00:00\",\"breadcrumb\":{\"@id\":\"https:\/\/abucaman.org\/?p=1249#breadcrumb\"},\"inLanguage\":\"es\",\"potentialAction\":[{\"@type\":\"ReadAction\",\"target\":[\"https:\/\/abucaman.org\/?p=1249\"]}]},{\"@type\":\"BreadcrumbList\",\"@id\":\"https:\/\/abucaman.org\/?p=1249#breadcrumb\",\"itemListElement\":[{\"@type\":\"ListItem\",\"position\":1,\"name\":\"Portada\",\"item\":\"https:\/\/abucaman.org\/\"},{\"@type\":\"ListItem\",\"position\":2,\"name\":\"Grupo de Terapia para familiares de afectados\"}]},{\"@type\":\"WebSite\",\"@id\":\"https:\/\/abucaman.org\/#website\",\"url\":\"https:\/\/abucaman.org\/\",\"name\":\"Abucaman\",\"description\":\"\",\"publisher\":{\"@id\":\"https:\/\/abucaman.org\/#organization\"},\"potentialAction\":[{\"@type\":\"SearchAction\",\"target\":{\"@type\":\"EntryPoint\",\"urlTemplate\":\"https:\/\/abucaman.org\/?s={search_term_string}\"},\"query-input\":\"required name=search_term_string\"}],\"inLanguage\":\"es\"},{\"@type\":\"Organization\",\"@id\":\"https:\/\/abucaman.org\/#organization\",\"name\":\"abucaman\",\"url\":\"https:\/\/abucaman.org\/\",\"logo\":{\"@type\":\"ImageObject\",\"inLanguage\":\"es\",\"@id\":\"https:\/\/abucaman.org\/#\/schema\/logo\/image\/\",\"url\":\"https:\/\/abucaman.org\/wp-content\/uploads\/2014\/03\/Logo-abucaman-2-png.png\",\"contentUrl\":\"https:\/\/abucaman.org\/wp-content\/uploads\/2014\/03\/Logo-abucaman-2-png.png\",\"width\":560,\"height\":420,\"caption\":\"abucaman\"},\"image\":{\"@id\":\"https:\/\/abucaman.org\/#\/schema\/logo\/image\/\"}},{\"@type\":\"Person\",\"@id\":\"https:\/\/abucaman.org\/#\/schema\/person\/6dde1a65ce4063516a87731e92c00bda\",\"name\":\"abucaman\",\"description\":\"Asociaci\u00f3n de familiares y enfermos de los trastornos de la conducta alimentaria \\\"San Jos\u00e9\\\" de Castilla la Mancha.\"}]}<\/script>\n<!-- \/ Yoast SEO plugin. -->","yoast_head_json":{"title":"Grupo de Terapia para familiares de afectados - Siempre cerca de ti...","robots":{"index":"index","follow":"follow","max-snippet":"max-snippet:-1","max-image-preview":"max-image-preview:large","max-video-preview":"max-video-preview:-1"},"canonical":"https:\/\/abucaman.org\/?p=1249","og_locale":"es_ES","og_type":"article","og_title":"Grupo de Terapia para familiares de afectados - Siempre cerca de ti...","og_description":"ABUCAMAN,\u00a0 organiza como medida de ayuda a los padres o familiares de afectados por alg\u00fan trastornos de la conducta alimentaria","og_url":"https:\/\/abucaman.org\/?p=1249","og_site_name":"Siempre cerca de ti...","article_published_time":"2014-03-30T16:31:40+00:00","article_modified_time":"2018-11-25T22:25:02+00:00","og_image":[{"width":425,"height":282,"url":"https:\/\/abucaman.org\/wp-content\/uploads\/2014\/02\/terapia_de_grupo.jpg","type":"image\/jpeg"}],"author":"abucaman","twitter_card":"summary_large_image","twitter_misc":{"Escrito por":"abucaman"},"schema":{"@context":"https:\/\/schema.org","@graph":[{"@type":"Article","@id":"https:\/\/abucaman.org\/?p=1249#article","isPartOf":{"@id":"https:\/\/abucaman.org\/?p=1249"},"author":{"name":"abucaman","@id":"https:\/\/abucaman.org\/#\/schema\/person\/6dde1a65ce4063516a87731e92c00bda"},"headline":"Grupo de Terapia para familiares de afectados","datePublished":"2014-03-30T16:31:40+00:00","dateModified":"2018-11-25T22:25:02+00:00","mainEntityOfPage":{"@id":"https:\/\/abucaman.org\/?p=1249"},"wordCount":97,"publisher":{"@id":"https:\/\/abucaman.org\/#organization"},"articleSection":["ACTUALIDAD"],"inLanguage":"es"},{"@type":"WebPage","@id":"https:\/\/abucaman.org\/?p=1249","url":"https:\/\/abucaman.org\/?p=1249","name":"Grupo de Terapia para familiares de afectados - Siempre cerca de ti...","isPartOf":{"@id":"https:\/\/abucaman.org\/#website"},"datePublished":"2014-03-30T16:31:40+00:00","dateModified":"2018-11-25T22:25:02+00:00","breadcrumb":{"@id":"https:\/\/abucaman.org\/?p=1249#breadcrumb"},"inLanguage":"es","potentialAction":[{"@type":"ReadAction","target":["https:\/\/abucaman.org\/?p=1249"]}]},{"@type":"BreadcrumbList","@id":"https:\/\/abucaman.org\/?p=1249#breadcrumb","itemListElement":[{"@type":"ListItem","position":1,"name":"Portada","item":"https:\/\/abucaman.org\/"},{"@type":"ListItem","position":2,"name":"Grupo de Terapia para familiares de afectados"}]},{"@type":"WebSite","@id":"https:\/\/abucaman.org\/#website","url":"https:\/\/abucaman.org\/","name":"Abucaman","description":"","publisher":{"@id":"https:\/\/abucaman.org\/#organization"},"potentialAction":[{"@type":"SearchAction","target":{"@type":"EntryPoint","urlTemplate":"https:\/\/abucaman.org\/?s={search_term_string}"},"query-input":"required name=search_term_string"}],"inLanguage":"es"},{"@type":"Organization","@id":"https:\/\/abucaman.org\/#organization","name":"abucaman","url":"https:\/\/abucaman.org\/","logo":{"@type":"ImageObject","inLanguage":"es","@id":"https:\/\/abucaman.org\/#\/schema\/logo\/image\/","url":"https:\/\/abucaman.org\/wp-content\/uploads\/2014\/03\/Logo-abucaman-2-png.png","contentUrl":"https:\/\/abucaman.org\/wp-content\/uploads\/2014\/03\/Logo-abucaman-2-png.png","width":560,"height":420,"caption":"abucaman"},"image":{"@id":"https:\/\/abucaman.org\/#\/schema\/logo\/image\/"}},{"@type":"Person","@id":"https:\/\/abucaman.org\/#\/schema\/person\/6dde1a65ce4063516a87731e92c00bda","name":"abucaman","description":"Asociaci\u00f3n de familiares y enfermos de los trastornos de la conducta alimentaria \"San Jos\u00e9\" de Castilla la Mancha."}]}},"_links":{"self":[{"href":"https:\/\/abucaman.org\/index.php?rest_route=\/wp\/v2\/posts\/1249","targetHints":{"allow":["GET"]}}],"collection":[{"href":"https:\/\/abucaman.org\/index.php?rest_route=\/wp\/v2\/posts"}],"about":[{"href":"https:\/\/abucaman.org\/index.php?rest_route=\/wp\/v2\/types\/post"}],"author":[{"embeddable":true,"href":"https:\/\/abucaman.org\/index.php?rest_route=\/wp\/v2\/users\/1"}],"replies":[{"embeddable":true,"href":"https:\/\/abucaman.org\/index.php?rest_route=%2Fwp%2Fv2%2Fcomments&post=1249"}],"version-history":[{"count":1,"href":"https:\/\/abucaman.org\/index.php?rest_route=\/wp\/v2\/posts\/1249\/revisions"}],"predecessor-version":[{"id":1466,"href":"https:\/\/abucaman.org\/index.php?rest_route=\/wp\/v2\/posts\/1249\/revisions\/1466"}],"wp:featuredmedia":[{"embeddable":true,"href":"https:\/\/abucaman.org\/index.php?rest_route=\/wp\/v2\/media\/880"}],"wp:attachment":[{"href":"https:\/\/abucaman.org\/index.php?rest_route=%2Fwp%2Fv2%2Fmedia&parent=1249"}],"wp:term":[{"taxonomy":"category","embeddable":true,"href":"https:\/\/abucaman.org\/index.php?rest_route=%2Fwp%2Fv2%2Fcategories&post=1249"},{"taxonomy":"post_tag","embeddable":true,"href":"https:\/\/abucaman.org\/index.php?rest_route=%2Fwp%2Fv2%2Ftags&post=1249"}],"curies":[{"name":"wp","href":"https:\/\/api.w.org\/{rel}","templated":true}]}}