{"id":1094,"date":"2014-03-12T20:55:11","date_gmt":"2014-03-12T20:55:11","guid":{"rendered":"http:\/\/abucaman.org\/?p=1094"},"modified":"2014-06-27T19:06:10","modified_gmt":"2014-06-27T19:06:10","slug":"la-jccm-lanza-el-programa-tal-como-eres","status":"publish","type":"post","link":"https:\/\/abucaman.org\/?p=1094","title":{"rendered":"La JCCM lanza el programa \u00abTal como eres\u00bb"},"content":{"rendered":"<blockquote><p><strong><img loading=\"lazy\" decoding=\"async\" class=\"alignleft\" alt=\"\" src=\"http:\/\/www.educa.jccm.es\/es\/sistema-educativo\/convivencia-valores\/educar-valores\/calidad-vida-personal-salud-consumo\/educacion-salud.ficheros\/15913-Visita%20al%20concurso%20gastronom%C3%ADa%20del%20CP%20de%20Buruj%C3%B3n.JPG?width=225&amp;height=168\" width=\"225\" height=\"168\" \/>TAL COMO ERES<\/strong> es un programa de educaci\u00f3n para la salud destinado a la prevenci\u00f3n primaria de los trastornos de la conducta alimentaria (anorexia y bulimia). Se dirige a chicos y chicas matriculados en 2\u00ba curso de ESO y se desarrolla mediante sesiones grupales de car\u00e1cter cognitivo-conductual con los alumnos e intervenci\u00f3n con los padres y la comunidad educativa. Se realiza por la Direcci\u00f3n General de Salud P\u00fablica de la Consejer\u00eda de\u00a0Salud y Bienestar Social\u00a0con la colaboraci\u00f3n de la Consejer\u00eda de Educaci\u00f3n y Ciencia.<\/p><\/blockquote>\n<p>&nbsp;<\/p>\n","protected":false},"excerpt":{"rendered":"<p>TAL COMO ERES es un programa de educaci\u00f3n para la salud destinado a la prevenci\u00f3n primaria de los trastornos de<\/p>\n","protected":false},"author":1,"featured_media":0,"comment_status":"closed","ping_status":"closed","sticky":false,"template":"","format":"standard","meta":{"footnotes":""},"categories":[1],"tags":[],"class_list":["post-1094","post","type-post","status-publish","format-standard","hentry","category-actualidad","wpautop"],"yoast_head":"<!-- This site is optimized with the Yoast SEO plugin v21.5 - https:\/\/yoast.com\/wordpress\/plugins\/seo\/ -->\n<title>La JCCM lanza el programa &quot;Tal como eres&quot; - Siempre cerca de ti...<\/title>\n<meta name=\"robots\" content=\"index, follow, max-snippet:-1, max-image-preview:large, max-video-preview:-1\" \/>\n<link rel=\"canonical\" href=\"https:\/\/abucaman.org\/?p=1094\" \/>\n<meta property=\"og:locale\" content=\"es_ES\" \/>\n<meta property=\"og:type\" content=\"article\" \/>\n<meta property=\"og:title\" content=\"La JCCM lanza el programa &quot;Tal como eres&quot; - Siempre cerca de ti...\" \/>\n<meta property=\"og:description\" content=\"TAL COMO ERES es un programa de educaci\u00f3n para la salud destinado a la prevenci\u00f3n primaria de los trastornos de\" \/>\n<meta property=\"og:url\" content=\"https:\/\/abucaman.org\/?p=1094\" \/>\n<meta property=\"og:site_name\" content=\"Siempre cerca de ti...\" \/>\n<meta property=\"article:published_time\" content=\"2014-03-12T20:55:11+00:00\" \/>\n<meta property=\"article:modified_time\" content=\"2014-06-27T19:06:10+00:00\" \/>\n<meta property=\"og:image\" content=\"http:\/\/www.educa.jccm.es\/es\/sistema-educativo\/convivencia-valores\/educar-valores\/calidad-vida-personal-salud-consumo\/educacion-salud.ficheros\/15913-Visita%20al%20concurso%20gastronom%C3%ADa%20del%20CP%20de%20Buruj%C3%B3n.JPG?width=225&amp;height=168\" \/>\n<meta name=\"author\" content=\"abucaman\" \/>\n<meta name=\"twitter:card\" content=\"summary_large_image\" \/>\n<meta name=\"twitter:label1\" content=\"Escrito por\" \/>\n\t<meta name=\"twitter:data1\" content=\"abucaman\" \/>\n<script type=\"application\/ld+json\" class=\"yoast-schema-graph\">{\"@context\":\"https:\/\/schema.org\",\"@graph\":[{\"@type\":\"Article\",\"@id\":\"https:\/\/abucaman.org\/?p=1094#article\",\"isPartOf\":{\"@id\":\"https:\/\/abucaman.org\/?p=1094\"},\"author\":{\"name\":\"abucaman\",\"@id\":\"https:\/\/abucaman.org\/#\/schema\/person\/6dde1a65ce4063516a87731e92c00bda\"},\"headline\":\"La JCCM lanza el programa \u00abTal como eres\u00bb\",\"datePublished\":\"2014-03-12T20:55:11+00:00\",\"dateModified\":\"2014-06-27T19:06:10+00:00\",\"mainEntityOfPage\":{\"@id\":\"https:\/\/abucaman.org\/?p=1094\"},\"wordCount\":104,\"publisher\":{\"@id\":\"https:\/\/abucaman.org\/#organization\"},\"articleSection\":[\"ACTUALIDAD\"],\"inLanguage\":\"es\"},{\"@type\":\"WebPage\",\"@id\":\"https:\/\/abucaman.org\/?p=1094\",\"url\":\"https:\/\/abucaman.org\/?p=1094\",\"name\":\"La JCCM lanza el programa \\\"Tal como eres\\\" - Siempre cerca de ti...\",\"isPartOf\":{\"@id\":\"https:\/\/abucaman.org\/#website\"},\"datePublished\":\"2014-03-12T20:55:11+00:00\",\"dateModified\":\"2014-06-27T19:06:10+00:00\",\"breadcrumb\":{\"@id\":\"https:\/\/abucaman.org\/?p=1094#breadcrumb\"},\"inLanguage\":\"es\",\"potentialAction\":[{\"@type\":\"ReadAction\",\"target\":[\"https:\/\/abucaman.org\/?p=1094\"]}]},{\"@type\":\"BreadcrumbList\",\"@id\":\"https:\/\/abucaman.org\/?p=1094#breadcrumb\",\"itemListElement\":[{\"@type\":\"ListItem\",\"position\":1,\"name\":\"Portada\",\"item\":\"https:\/\/abucaman.org\/\"},{\"@type\":\"ListItem\",\"position\":2,\"name\":\"La JCCM lanza el programa \u00abTal como eres\u00bb\"}]},{\"@type\":\"WebSite\",\"@id\":\"https:\/\/abucaman.org\/#website\",\"url\":\"https:\/\/abucaman.org\/\",\"name\":\"Abucaman\",\"description\":\"\",\"publisher\":{\"@id\":\"https:\/\/abucaman.org\/#organization\"},\"potentialAction\":[{\"@type\":\"SearchAction\",\"target\":{\"@type\":\"EntryPoint\",\"urlTemplate\":\"https:\/\/abucaman.org\/?s={search_term_string}\"},\"query-input\":\"required name=search_term_string\"}],\"inLanguage\":\"es\"},{\"@type\":\"Organization\",\"@id\":\"https:\/\/abucaman.org\/#organization\",\"name\":\"abucaman\",\"url\":\"https:\/\/abucaman.org\/\",\"logo\":{\"@type\":\"ImageObject\",\"inLanguage\":\"es\",\"@id\":\"https:\/\/abucaman.org\/#\/schema\/logo\/image\/\",\"url\":\"https:\/\/abucaman.org\/wp-content\/uploads\/2014\/03\/Logo-abucaman-2-png.png\",\"contentUrl\":\"https:\/\/abucaman.org\/wp-content\/uploads\/2014\/03\/Logo-abucaman-2-png.png\",\"width\":560,\"height\":420,\"caption\":\"abucaman\"},\"image\":{\"@id\":\"https:\/\/abucaman.org\/#\/schema\/logo\/image\/\"}},{\"@type\":\"Person\",\"@id\":\"https:\/\/abucaman.org\/#\/schema\/person\/6dde1a65ce4063516a87731e92c00bda\",\"name\":\"abucaman\",\"description\":\"Asociaci\u00f3n de familiares y enfermos de los trastornos de la conducta alimentaria \\\"San Jos\u00e9\\\" de Castilla la Mancha.\"}]}<\/script>\n<!-- \/ Yoast SEO plugin. -->","yoast_head_json":{"title":"La JCCM lanza el programa \"Tal como eres\" - Siempre cerca de ti...","robots":{"index":"index","follow":"follow","max-snippet":"max-snippet:-1","max-image-preview":"max-image-preview:large","max-video-preview":"max-video-preview:-1"},"canonical":"https:\/\/abucaman.org\/?p=1094","og_locale":"es_ES","og_type":"article","og_title":"La JCCM lanza el programa \"Tal como eres\" - Siempre cerca de ti...","og_description":"TAL COMO ERES es un programa de educaci\u00f3n para la salud destinado a la prevenci\u00f3n primaria de los trastornos de","og_url":"https:\/\/abucaman.org\/?p=1094","og_site_name":"Siempre cerca de ti...","article_published_time":"2014-03-12T20:55:11+00:00","article_modified_time":"2014-06-27T19:06:10+00:00","og_image":[{"url":"http:\/\/www.educa.jccm.es\/es\/sistema-educativo\/convivencia-valores\/educar-valores\/calidad-vida-personal-salud-consumo\/educacion-salud.ficheros\/15913-Visita%20al%20concurso%20gastronom%C3%ADa%20del%20CP%20de%20Buruj%C3%B3n.JPG?width=225&amp;height=168"}],"author":"abucaman","twitter_card":"summary_large_image","twitter_misc":{"Escrito por":"abucaman"},"schema":{"@context":"https:\/\/schema.org","@graph":[{"@type":"Article","@id":"https:\/\/abucaman.org\/?p=1094#article","isPartOf":{"@id":"https:\/\/abucaman.org\/?p=1094"},"author":{"name":"abucaman","@id":"https:\/\/abucaman.org\/#\/schema\/person\/6dde1a65ce4063516a87731e92c00bda"},"headline":"La JCCM lanza el programa \u00abTal como eres\u00bb","datePublished":"2014-03-12T20:55:11+00:00","dateModified":"2014-06-27T19:06:10+00:00","mainEntityOfPage":{"@id":"https:\/\/abucaman.org\/?p=1094"},"wordCount":104,"publisher":{"@id":"https:\/\/abucaman.org\/#organization"},"articleSection":["ACTUALIDAD"],"inLanguage":"es"},{"@type":"WebPage","@id":"https:\/\/abucaman.org\/?p=1094","url":"https:\/\/abucaman.org\/?p=1094","name":"La JCCM lanza el programa \"Tal como eres\" - Siempre cerca de ti...","isPartOf":{"@id":"https:\/\/abucaman.org\/#website"},"datePublished":"2014-03-12T20:55:11+00:00","dateModified":"2014-06-27T19:06:10+00:00","breadcrumb":{"@id":"https:\/\/abucaman.org\/?p=1094#breadcrumb"},"inLanguage":"es","potentialAction":[{"@type":"ReadAction","target":["https:\/\/abucaman.org\/?p=1094"]}]},{"@type":"BreadcrumbList","@id":"https:\/\/abucaman.org\/?p=1094#breadcrumb","itemListElement":[{"@type":"ListItem","position":1,"name":"Portada","item":"https:\/\/abucaman.org\/"},{"@type":"ListItem","position":2,"name":"La JCCM lanza el programa \u00abTal como eres\u00bb"}]},{"@type":"WebSite","@id":"https:\/\/abucaman.org\/#website","url":"https:\/\/abucaman.org\/","name":"Abucaman","description":"","publisher":{"@id":"https:\/\/abucaman.org\/#organization"},"potentialAction":[{"@type":"SearchAction","target":{"@type":"EntryPoint","urlTemplate":"https:\/\/abucaman.org\/?s={search_term_string}"},"query-input":"required name=search_term_string"}],"inLanguage":"es"},{"@type":"Organization","@id":"https:\/\/abucaman.org\/#organization","name":"abucaman","url":"https:\/\/abucaman.org\/","logo":{"@type":"ImageObject","inLanguage":"es","@id":"https:\/\/abucaman.org\/#\/schema\/logo\/image\/","url":"https:\/\/abucaman.org\/wp-content\/uploads\/2014\/03\/Logo-abucaman-2-png.png","contentUrl":"https:\/\/abucaman.org\/wp-content\/uploads\/2014\/03\/Logo-abucaman-2-png.png","width":560,"height":420,"caption":"abucaman"},"image":{"@id":"https:\/\/abucaman.org\/#\/schema\/logo\/image\/"}},{"@type":"Person","@id":"https:\/\/abucaman.org\/#\/schema\/person\/6dde1a65ce4063516a87731e92c00bda","name":"abucaman","description":"Asociaci\u00f3n de familiares y enfermos de los trastornos de la conducta alimentaria \"San Jos\u00e9\" de Castilla la Mancha."}]}},"_links":{"self":[{"href":"https:\/\/abucaman.org\/index.php?rest_route=\/wp\/v2\/posts\/1094","targetHints":{"allow":["GET"]}}],"collection":[{"href":"https:\/\/abucaman.org\/index.php?rest_route=\/wp\/v2\/posts"}],"about":[{"href":"https:\/\/abucaman.org\/index.php?rest_route=\/wp\/v2\/types\/post"}],"author":[{"embeddable":true,"href":"https:\/\/abucaman.org\/index.php?rest_route=\/wp\/v2\/users\/1"}],"replies":[{"embeddable":true,"href":"https:\/\/abucaman.org\/index.php?rest_route=%2Fwp%2Fv2%2Fcomments&post=1094"}],"version-history":[{"count":0,"href":"https:\/\/abucaman.org\/index.php?rest_route=\/wp\/v2\/posts\/1094\/revisions"}],"wp:attachment":[{"href":"https:\/\/abucaman.org\/index.php?rest_route=%2Fwp%2Fv2%2Fmedia&parent=1094"}],"wp:term":[{"taxonomy":"category","embeddable":true,"href":"https:\/\/abucaman.org\/index.php?rest_route=%2Fwp%2Fv2%2Fcategories&post=1094"},{"taxonomy":"post_tag","embeddable":true,"href":"https:\/\/abucaman.org\/index.php?rest_route=%2Fwp%2Fv2%2Ftags&post=1094"}],"curies":[{"name":"wp","href":"https:\/\/api.w.org\/{rel}","templated":true}]}}