{"id":1079,"date":"2014-03-12T20:11:55","date_gmt":"2014-03-12T20:11:55","guid":{"rendered":"http:\/\/abucaman.org\/?p=1079"},"modified":"2014-06-27T19:06:10","modified_gmt":"2014-06-27T19:06:10","slug":"cuando-el-que-me-pongo-se-vuelve-patologico","status":"publish","type":"post","link":"https:\/\/abucaman.org\/?p=1079","title":{"rendered":"Cuando el \u00abqu\u00e9 me pongo\u00bb se vuelve patol\u00f3gico"},"content":{"rendered":"<h1><span style=\"color: #ff00ff; font-family: Arial; font-size: medium;\">Trastornos de la alimentaci\u00f3n: cuando el \u00abqu\u00e9 me pongo\u00bb se vuelve patol\u00f3gico<\/span><\/h1>\n<p class=\"MsoNormal\">Ra\u00fal Bustamante<\/p>\n<p class=\"MsoNormal\">\u00a0<a href=\"http:\/\/abucaman.org\/wp-content\/uploads\/2014\/02\/slide793.jpg\"><img loading=\"lazy\" decoding=\"async\" class=\"wp-image-694 alignleft\" alt=\"slide793\" src=\"http:\/\/abucaman.org\/wp-content\/uploads\/2014\/02\/slide793-300x185.jpg\" width=\"300\" height=\"185\" srcset=\"https:\/\/abucaman.org\/wp-content\/uploads\/2014\/02\/slide793-300x185.jpg 300w, https:\/\/abucaman.org\/wp-content\/uploads\/2014\/02\/slide793.jpg 308w\" sizes=\"auto, (max-width: 300px) 100vw, 300px\" \/><\/a><\/p>\n<p class=\"MsoNormal\">Im\u00e1genes de la campa\u00f1a sueca contra la anorexia y la bulimia.<\/p>\n<ul style=\"margin-bottom: 0cm;\" type=\"disc\">\n<li class=\"MsoNormal\">Son enfermedades que aparecen despu\u00e9s de una etapa dura de la vida: desde un fallecimiento hasta un cambio de domicilio.<\/li>\n<li class=\"MsoNormal\">Actualmente, el perfil protot\u00edpico del enfermo se ha diluido y lo mismo ocurre con la edad.<\/li>\n<li class=\"MsoNormal\">Pueden curarse al 100%, pero el tratamiento es largo.Una chica en ropa interior se mira en el espejo, con cara triste.Coge carne de sus piernas, de su barriga, de su cuello&#8230; <strong> llora porque se ve gorda<\/strong> y, sin embargo, cuando la c\u00e1mara se aleja, se ve que es una persona esquel\u00e9tica la que est\u00e1 frente al espejo limpi\u00e1ndose las l\u00e1grimas.Esta <a style=\"color: blue; text-decoration: underline; text-underline: single;\" href=\"http:\/\/www.20minutos.es\/noticia\/214550\/0\/spot\/anorexia\/espejo\/\"> <span style=\"color: #0c2269;\">campa\u00f1a sueca contra la anorexia y la bulimia<\/span><\/a> est\u00e1 a punto de llegar a las 100.000 visitas en <a style=\"color: blue; text-decoration: underline; text-underline: single;\" href=\"http:\/\/www.youtube.com\/\" target=\"_blank\"> <span style=\"color: #607682;\">Youtube<\/span><\/a> y destapa un problema que est\u00e1 latente en la sociedad de consumo.<a style=\"color: blue; text-decoration: underline; text-underline: single;\" href=\"http:\/\/www.20minutos.es\/noticia\/93320\/0\/anorexia\/bulimia\/Adaner\/\"> <span style=\"color: #0c2269;\">Mar\u00eda del Carmen Gonz\u00e1lez<\/span><\/a> es la coordinadora general de <a style=\"color: blue; text-decoration: underline; text-underline: single;\" href=\"http:\/\/www.adaner.org\/\" target=\"_blank\"> <span style=\"color: #607682;\">ADANER<\/span><\/a> (Asociaci\u00f3n en Defensa de la Atenci\u00f3n a la Anorexia Nerviosa y Bulimia), y trata a diario con pacientes que sufren esta enfermedad.\n<p>Seg\u00fan ella, a los trastornos alimenticios<strong> les precede un aislamiento<\/strong> porque son enfermedades que aparecen despu\u00e9s de una etapa dura: \u00abpuede tratarse de un fallecimiento, de la p\u00e9rdida de la red social, de un cambio de domicilio\u00bb, afirma Mar\u00eda del Carmen.<\/p>\n<p>\u00abLa persona entonces se a\u00edsla un poco, comienza a sufrir cambios de humor, le invade la tristeza&#8230; luego aparecen cuestiones relacionadas con la comida, empieza un di\u00e1logo sobre el peso, <strong>si tienen b\u00e1scula se pesan mucho<\/strong>, preguntan insistentemente <em>\u00bfc\u00f3mo me ves?<\/em>\u00ab, hasta que todo termina girando en torno a la comida, al peso y al cuerpo.<\/p>\n<p>En cuanto a la identificaci\u00f3n de las enfermedades, \u00abla anorexia es m\u00e1s f\u00e1cil\u00bb, porque \u00abel enfermo deja de comer\u00bb mientras que resulta \u00abm\u00e1s dif\u00edcil localizar los problemas intermedios, de gente que come m\u00e1s o menos bien delante de la familia pero busca excusas\u00bb para no comer.<\/p>\n<p><strong>\u00abHay que estar pendientes sin que sea una obsesi\u00f3n\u00bb<\/strong><\/p>\n<p>Los padres \u00abtienen que coger el m\u00e1ximo de informaci\u00f3n\u00bb sobre la enfermedad, porque la familia tiende a hacer \u00ablo que le dicta el instinto\u00bb.<\/p>\n<p>Seg\u00fan Mar\u00eda del Carmen, \u00abpor mucho que uno est\u00e9 atento no puede curarlo\u00bb porque estamos ante enfermedades.<\/p>\n<p>Los padres no pueden ser polic\u00edas y acompa\u00f1ar al hijo siempre que vaya al ba\u00f1o<\/p>\n<p>\u00abLo importante es<strong> contactar con una asociaci\u00f3n<\/strong> para conocer el problema\u00bb, afirma.<\/p>\n<p>Los padres no pueden \u00abser polic\u00edas, no pueden acompa\u00f1ar al hijo siempre que vaya al ba\u00f1o\u00bb, lo que no significa que deban despreocuparse, sino que deben \u00abestar pendientes, sin que sea una obsesi\u00f3n\u00bb.<\/p>\n<p>Dentro del entorno m\u00e1s cercano encuentra un problema, porque cuando se empieza a adelgazar \u00abhay un per\u00edodo en el que (al enfermo)<strong> se le refuerza positivamente<\/strong>, se le dice <em>qu\u00e9 bien<\/em>, <em>\u00bfc\u00f3mo lo haces?<\/em>\u00bb que pasa a ser un refuerzo negativo cuando \u00abse adelgaza mucho\u00bb.<\/p>\n<p>\u00abNo se pregunta si se est\u00e1 enfermo\u00bb, en su lugar \u00abse dice <em>\u00a1Oh, qu\u00e9 suerte!<\/em>\u00ab.<\/p>\n<p>El refuerzo negativo desemboca tambi\u00e9n en atenci\u00f3n y <strong> \u00abtodos necesitamos que nos mimen\u00bb <\/strong>por lo que, al girar todo \u00aben torno a esa imagen\u00bb, se termina por \u00abignorar la base, el por qu\u00e9 no se sent\u00eda bien, se quer\u00eda poco, por qu\u00e9 ten\u00eda poca autoestima\u00bb.<\/p>\n<p>Es entonces cuando, \u00aben vez de una depresi\u00f3n, aparecen trastornos alimenticios\u00bb.<\/p>\n<p><strong>\u00abAunque el hambre duele, duelen m\u00e1s las emociones\u00bb<\/strong><\/p>\n<p>El mensaje que recibimos de los medios es que si eres delgado tienes m\u00e1s opciones de tener \u00e9xito y felicidad<\/p>\n<p>\u00abEl mensaje que recibimos de los medios es que si eres delgado tienes m\u00e1s opciones de tener \u00e9xito y felicidad, sobre todo en la mujer; no importa lo dem\u00e1s si no est\u00e1s delgada\u00bb apunta la coordinadora.<\/p>\n<p>Por eso \u00aba veces se empieza a hacer una dieta pensando que si adelgaza ser\u00e1 m\u00e1s feliz\u00bb y <strong>la dieta<\/strong>, aunque no le lleva a esa situaci\u00f3n, \u00ab<strong>es un factor precipitante<\/strong>, porque la carencia de nutrientes lo exacerba todo, tambi\u00e9n el malestar psicol\u00f3gico\u00bb.<\/p>\n<p>\u00abAunque el hambre duele, duelen m\u00e1s las emociones\u00bb, concluye.<\/p>\n<p><strong>\u00abLe puede pasar a cualquiera\u00bb<\/strong><\/p>\n<ul style=\"margin-bottom: 0cm;\" type=\"disc\">\n<li class=\"MsoNormal\"><strong><span style=\"color: #990000;\">Perfil<\/span><\/strong><\/li>\n<\/ul>\n<p>\u00abYa no hay un perfil\u00bb, afirma, \u00ab<strong>antes estaba muy claro<\/strong>: las personas anor\u00e9xicas eran hipersensibles, autocr\u00edticas, perfeccionistas&#8230; y empezaban una dieta que extremaba todos esos rasgos mientras que las personas bul\u00edmicas eran m\u00e1s impulsivas, no meditaban\u00bb.<\/li>\n<\/ul>\n","protected":false},"excerpt":{"rendered":"<p>Trastornos de la alimentaci\u00f3n: cuando el \u00abqu\u00e9 me pongo\u00bb se vuelve patol\u00f3gico Ra\u00fal Bustamante \u00a0 Im\u00e1genes de la campa\u00f1a sueca<\/p>\n","protected":false},"author":1,"featured_media":0,"comment_status":"closed","ping_status":"closed","sticky":false,"template":"","format":"standard","meta":{"footnotes":""},"categories":[1],"tags":[],"class_list":["post-1079","post","type-post","status-publish","format-standard","hentry","category-actualidad","wpautop"],"yoast_head":"<!-- This site is optimized with the Yoast SEO plugin v21.5 - https:\/\/yoast.com\/wordpress\/plugins\/seo\/ -->\n<title>Cuando el &quot;qu\u00e9 me pongo&quot; se vuelve patol\u00f3gico - Siempre cerca de ti...<\/title>\n<meta name=\"robots\" content=\"index, follow, max-snippet:-1, max-image-preview:large, max-video-preview:-1\" \/>\n<link rel=\"canonical\" href=\"https:\/\/abucaman.org\/?p=1079\" \/>\n<meta property=\"og:locale\" content=\"es_ES\" \/>\n<meta property=\"og:type\" content=\"article\" \/>\n<meta property=\"og:title\" content=\"Cuando el &quot;qu\u00e9 me pongo&quot; se vuelve patol\u00f3gico - Siempre cerca de ti...\" \/>\n<meta property=\"og:description\" content=\"Trastornos de la alimentaci\u00f3n: cuando el \u00abqu\u00e9 me pongo\u00bb se vuelve patol\u00f3gico Ra\u00fal Bustamante \u00a0 Im\u00e1genes de la campa\u00f1a sueca\" \/>\n<meta property=\"og:url\" content=\"https:\/\/abucaman.org\/?p=1079\" \/>\n<meta property=\"og:site_name\" content=\"Siempre cerca de ti...\" \/>\n<meta property=\"article:published_time\" content=\"2014-03-12T20:11:55+00:00\" \/>\n<meta property=\"article:modified_time\" content=\"2014-06-27T19:06:10+00:00\" \/>\n<meta property=\"og:image\" content=\"http:\/\/abucaman.org\/wp-content\/uploads\/2014\/02\/slide793-300x185.jpg\" \/>\n<meta name=\"author\" content=\"abucaman\" \/>\n<meta name=\"twitter:card\" content=\"summary_large_image\" \/>\n<meta name=\"twitter:label1\" content=\"Escrito por\" \/>\n\t<meta name=\"twitter:data1\" content=\"abucaman\" \/>\n\t<meta name=\"twitter:label2\" content=\"Tiempo de lectura\" \/>\n\t<meta name=\"twitter:data2\" content=\"4 minutos\" \/>\n<script type=\"application\/ld+json\" class=\"yoast-schema-graph\">{\"@context\":\"https:\/\/schema.org\",\"@graph\":[{\"@type\":\"Article\",\"@id\":\"https:\/\/abucaman.org\/?p=1079#article\",\"isPartOf\":{\"@id\":\"https:\/\/abucaman.org\/?p=1079\"},\"author\":{\"name\":\"abucaman\",\"@id\":\"https:\/\/abucaman.org\/#\/schema\/person\/6dde1a65ce4063516a87731e92c00bda\"},\"headline\":\"Cuando el \u00abqu\u00e9 me pongo\u00bb se vuelve patol\u00f3gico\",\"datePublished\":\"2014-03-12T20:11:55+00:00\",\"dateModified\":\"2014-06-27T19:06:10+00:00\",\"mainEntityOfPage\":{\"@id\":\"https:\/\/abucaman.org\/?p=1079\"},\"wordCount\":787,\"publisher\":{\"@id\":\"https:\/\/abucaman.org\/#organization\"},\"articleSection\":[\"ACTUALIDAD\"],\"inLanguage\":\"es\"},{\"@type\":\"WebPage\",\"@id\":\"https:\/\/abucaman.org\/?p=1079\",\"url\":\"https:\/\/abucaman.org\/?p=1079\",\"name\":\"Cuando el \\\"qu\u00e9 me pongo\\\" se vuelve patol\u00f3gico - Siempre cerca de ti...\",\"isPartOf\":{\"@id\":\"https:\/\/abucaman.org\/#website\"},\"datePublished\":\"2014-03-12T20:11:55+00:00\",\"dateModified\":\"2014-06-27T19:06:10+00:00\",\"breadcrumb\":{\"@id\":\"https:\/\/abucaman.org\/?p=1079#breadcrumb\"},\"inLanguage\":\"es\",\"potentialAction\":[{\"@type\":\"ReadAction\",\"target\":[\"https:\/\/abucaman.org\/?p=1079\"]}]},{\"@type\":\"BreadcrumbList\",\"@id\":\"https:\/\/abucaman.org\/?p=1079#breadcrumb\",\"itemListElement\":[{\"@type\":\"ListItem\",\"position\":1,\"name\":\"Portada\",\"item\":\"https:\/\/abucaman.org\/\"},{\"@type\":\"ListItem\",\"position\":2,\"name\":\"Cuando el \u00abqu\u00e9 me pongo\u00bb se vuelve patol\u00f3gico\"}]},{\"@type\":\"WebSite\",\"@id\":\"https:\/\/abucaman.org\/#website\",\"url\":\"https:\/\/abucaman.org\/\",\"name\":\"Abucaman\",\"description\":\"\",\"publisher\":{\"@id\":\"https:\/\/abucaman.org\/#organization\"},\"potentialAction\":[{\"@type\":\"SearchAction\",\"target\":{\"@type\":\"EntryPoint\",\"urlTemplate\":\"https:\/\/abucaman.org\/?s={search_term_string}\"},\"query-input\":\"required name=search_term_string\"}],\"inLanguage\":\"es\"},{\"@type\":\"Organization\",\"@id\":\"https:\/\/abucaman.org\/#organization\",\"name\":\"abucaman\",\"url\":\"https:\/\/abucaman.org\/\",\"logo\":{\"@type\":\"ImageObject\",\"inLanguage\":\"es\",\"@id\":\"https:\/\/abucaman.org\/#\/schema\/logo\/image\/\",\"url\":\"https:\/\/abucaman.org\/wp-content\/uploads\/2014\/03\/Logo-abucaman-2-png.png\",\"contentUrl\":\"https:\/\/abucaman.org\/wp-content\/uploads\/2014\/03\/Logo-abucaman-2-png.png\",\"width\":560,\"height\":420,\"caption\":\"abucaman\"},\"image\":{\"@id\":\"https:\/\/abucaman.org\/#\/schema\/logo\/image\/\"}},{\"@type\":\"Person\",\"@id\":\"https:\/\/abucaman.org\/#\/schema\/person\/6dde1a65ce4063516a87731e92c00bda\",\"name\":\"abucaman\",\"description\":\"Asociaci\u00f3n de familiares y enfermos de los trastornos de la conducta alimentaria \\\"San Jos\u00e9\\\" de Castilla la Mancha.\"}]}<\/script>\n<!-- \/ Yoast SEO plugin. -->","yoast_head_json":{"title":"Cuando el \"qu\u00e9 me pongo\" se vuelve patol\u00f3gico - Siempre cerca de ti...","robots":{"index":"index","follow":"follow","max-snippet":"max-snippet:-1","max-image-preview":"max-image-preview:large","max-video-preview":"max-video-preview:-1"},"canonical":"https:\/\/abucaman.org\/?p=1079","og_locale":"es_ES","og_type":"article","og_title":"Cuando el \"qu\u00e9 me pongo\" se vuelve patol\u00f3gico - Siempre cerca de ti...","og_description":"Trastornos de la alimentaci\u00f3n: cuando el \u00abqu\u00e9 me pongo\u00bb se vuelve patol\u00f3gico Ra\u00fal Bustamante \u00a0 Im\u00e1genes de la campa\u00f1a sueca","og_url":"https:\/\/abucaman.org\/?p=1079","og_site_name":"Siempre cerca de ti...","article_published_time":"2014-03-12T20:11:55+00:00","article_modified_time":"2014-06-27T19:06:10+00:00","og_image":[{"url":"http:\/\/abucaman.org\/wp-content\/uploads\/2014\/02\/slide793-300x185.jpg"}],"author":"abucaman","twitter_card":"summary_large_image","twitter_misc":{"Escrito por":"abucaman","Tiempo de lectura":"4 minutos"},"schema":{"@context":"https:\/\/schema.org","@graph":[{"@type":"Article","@id":"https:\/\/abucaman.org\/?p=1079#article","isPartOf":{"@id":"https:\/\/abucaman.org\/?p=1079"},"author":{"name":"abucaman","@id":"https:\/\/abucaman.org\/#\/schema\/person\/6dde1a65ce4063516a87731e92c00bda"},"headline":"Cuando el \u00abqu\u00e9 me pongo\u00bb se vuelve patol\u00f3gico","datePublished":"2014-03-12T20:11:55+00:00","dateModified":"2014-06-27T19:06:10+00:00","mainEntityOfPage":{"@id":"https:\/\/abucaman.org\/?p=1079"},"wordCount":787,"publisher":{"@id":"https:\/\/abucaman.org\/#organization"},"articleSection":["ACTUALIDAD"],"inLanguage":"es"},{"@type":"WebPage","@id":"https:\/\/abucaman.org\/?p=1079","url":"https:\/\/abucaman.org\/?p=1079","name":"Cuando el \"qu\u00e9 me pongo\" se vuelve patol\u00f3gico - Siempre cerca de ti...","isPartOf":{"@id":"https:\/\/abucaman.org\/#website"},"datePublished":"2014-03-12T20:11:55+00:00","dateModified":"2014-06-27T19:06:10+00:00","breadcrumb":{"@id":"https:\/\/abucaman.org\/?p=1079#breadcrumb"},"inLanguage":"es","potentialAction":[{"@type":"ReadAction","target":["https:\/\/abucaman.org\/?p=1079"]}]},{"@type":"BreadcrumbList","@id":"https:\/\/abucaman.org\/?p=1079#breadcrumb","itemListElement":[{"@type":"ListItem","position":1,"name":"Portada","item":"https:\/\/abucaman.org\/"},{"@type":"ListItem","position":2,"name":"Cuando el \u00abqu\u00e9 me pongo\u00bb se vuelve patol\u00f3gico"}]},{"@type":"WebSite","@id":"https:\/\/abucaman.org\/#website","url":"https:\/\/abucaman.org\/","name":"Abucaman","description":"","publisher":{"@id":"https:\/\/abucaman.org\/#organization"},"potentialAction":[{"@type":"SearchAction","target":{"@type":"EntryPoint","urlTemplate":"https:\/\/abucaman.org\/?s={search_term_string}"},"query-input":"required name=search_term_string"}],"inLanguage":"es"},{"@type":"Organization","@id":"https:\/\/abucaman.org\/#organization","name":"abucaman","url":"https:\/\/abucaman.org\/","logo":{"@type":"ImageObject","inLanguage":"es","@id":"https:\/\/abucaman.org\/#\/schema\/logo\/image\/","url":"https:\/\/abucaman.org\/wp-content\/uploads\/2014\/03\/Logo-abucaman-2-png.png","contentUrl":"https:\/\/abucaman.org\/wp-content\/uploads\/2014\/03\/Logo-abucaman-2-png.png","width":560,"height":420,"caption":"abucaman"},"image":{"@id":"https:\/\/abucaman.org\/#\/schema\/logo\/image\/"}},{"@type":"Person","@id":"https:\/\/abucaman.org\/#\/schema\/person\/6dde1a65ce4063516a87731e92c00bda","name":"abucaman","description":"Asociaci\u00f3n de familiares y enfermos de los trastornos de la conducta alimentaria \"San Jos\u00e9\" de Castilla la Mancha."}]}},"_links":{"self":[{"href":"https:\/\/abucaman.org\/index.php?rest_route=\/wp\/v2\/posts\/1079","targetHints":{"allow":["GET"]}}],"collection":[{"href":"https:\/\/abucaman.org\/index.php?rest_route=\/wp\/v2\/posts"}],"about":[{"href":"https:\/\/abucaman.org\/index.php?rest_route=\/wp\/v2\/types\/post"}],"author":[{"embeddable":true,"href":"https:\/\/abucaman.org\/index.php?rest_route=\/wp\/v2\/users\/1"}],"replies":[{"embeddable":true,"href":"https:\/\/abucaman.org\/index.php?rest_route=%2Fwp%2Fv2%2Fcomments&post=1079"}],"version-history":[{"count":0,"href":"https:\/\/abucaman.org\/index.php?rest_route=\/wp\/v2\/posts\/1079\/revisions"}],"wp:attachment":[{"href":"https:\/\/abucaman.org\/index.php?rest_route=%2Fwp%2Fv2%2Fmedia&parent=1079"}],"wp:term":[{"taxonomy":"category","embeddable":true,"href":"https:\/\/abucaman.org\/index.php?rest_route=%2Fwp%2Fv2%2Fcategories&post=1079"},{"taxonomy":"post_tag","embeddable":true,"href":"https:\/\/abucaman.org\/index.php?rest_route=%2Fwp%2Fv2%2Ftags&post=1079"}],"curies":[{"name":"wp","href":"https:\/\/api.w.org\/{rel}","templated":true}]}}